{"id":975,"date":"2009-06-16T10:24:13","date_gmt":"2009-06-16T09:24:13","guid":{"rendered":"http:\/\/193.2.241.104\/?p=975"},"modified":"2009-06-16T10:24:42","modified_gmt":"2009-06-16T09:24:42","slug":"otvoritev-gabrovskega-studenca","status":"publish","type":"post","link":"https:\/\/www.os-sticna.si\/?p=975","title":{"rendered":"Otvoritev gabrov\u0161kega studenca"},"content":{"rendered":"<div class=\"page-restrict-output\"><p>V \u010detrtek, 4. 6. 2009, so u\u010denci P\u0160 Krka pod vodstvom mentoric nastopili na sve\u010dani otvoritvi obnovitvenih del Gabrov\u0161kega studenca v Gabrov\u010dcu. U\u010denci so z igro, petjem in plesom prikazali povezanost ljudi z vodo neko\u010d in tudi danes. Poleg Turisti\u010dnega dru\u0161tva Krka in nekaterih zavzetih krajanov sta pri sofinanciranju sodelovala \u0161e Ob\u010dina Ivan\u010dna Gorica in Helios. U\u010denci in u\u010ditelji smo jim hvale\u017eni, da so s svojo zavzetostjo prispevali nekaj za bolj\u0161e \u017eivljenje jutri.<\/p>ngg_shortcode_0_placeholder<p style=\"text-align: right;\">Lidija Zajc<\/p>\n<\/div>","protected":false},"excerpt":{"rendered":"<div class=\"page-restrict-output\"><p>V \u010detrtek, 4. 6. 2009, so u\u010denci P\u0160 Krka pod vodstvom mentoric nastopili na sve\u010dani otvoritvi obnovitvenih del Gabrov\u0161kega studenca v Gabrov\u010dcu. U\u010denci so z igro, petjem in plesom prikazali povezanost ljudi z vodo neko\u010d in tudi danes. Poleg Turisti\u010dnega dru\u0161tva Krka in nekaterih zavzetih krajanov sta pri sofinanciranju sodelovala \u0161e Ob\u010dina Ivan\u010dna Gorica in Helios. U\u010denci in u\u010ditelji smo [&#8230;]<\/p>\n<\/div>","protected":false},"author":4,"featured_media":0,"comment_status":"closed","ping_status":"closed","sticky":false,"template":"","format":"standard","meta":{"ngg_post_thumbnail":0,"_themeisle_gutenberg_block_has_review":false,"footnotes":""},"categories":[1,6],"tags":[87],"class_list":["post-975","post","type-post","status-publish","format-standard","hentry","category-objave","category-predmetna-stopnja","tag-krka"],"featured_image_src":null,"featured_image_src_square":null,"author_info":{"display_name":"Gregor","author_link":"https:\/\/www.os-sticna.si\/?author=4"},"_links":{"self":[{"href":"https:\/\/www.os-sticna.si\/index.php?rest_route=\/wp\/v2\/posts\/975","targetHints":{"allow":["GET"]}}],"collection":[{"href":"https:\/\/www.os-sticna.si\/index.php?rest_route=\/wp\/v2\/posts"}],"about":[{"href":"https:\/\/www.os-sticna.si\/index.php?rest_route=\/wp\/v2\/types\/post"}],"author":[{"embeddable":true,"href":"https:\/\/www.os-sticna.si\/index.php?rest_route=\/wp\/v2\/users\/4"}],"replies":[{"embeddable":true,"href":"https:\/\/www.os-sticna.si\/index.php?rest_route=%2Fwp%2Fv2%2Fcomments&post=975"}],"version-history":[{"count":4,"href":"https:\/\/www.os-sticna.si\/index.php?rest_route=\/wp\/v2\/posts\/975\/revisions"}],"predecessor-version":[{"id":979,"href":"https:\/\/www.os-sticna.si\/index.php?rest_route=\/wp\/v2\/posts\/975\/revisions\/979"}],"wp:attachment":[{"href":"https:\/\/www.os-sticna.si\/index.php?rest_route=%2Fwp%2Fv2%2Fmedia&parent=975"}],"wp:term":[{"taxonomy":"category","embeddable":true,"href":"https:\/\/www.os-sticna.si\/index.php?rest_route=%2Fwp%2Fv2%2Fcategories&post=975"},{"taxonomy":"post_tag","embeddable":true,"href":"https:\/\/www.os-sticna.si\/index.php?rest_route=%2Fwp%2Fv2%2Ftags&post=975"}],"curies":[{"name":"wp","href":"https:\/\/api.w.org\/{rel}","templated":true}]}}