{"id":948,"date":"2009-06-10T19:48:55","date_gmt":"2009-06-10T18:48:55","guid":{"rendered":"http:\/\/193.2.241.104\/?p=948"},"modified":"2009-06-10T19:52:10","modified_gmt":"2009-06-10T18:52:10","slug":"ps-krka-ekskurzija-v-piran","status":"publish","type":"post","link":"https:\/\/www.os-sticna.si\/?p=948","title":{"rendered":"P\u0160 Krka &#8211; Ekskurzija v Piran"},"content":{"rendered":"<div class=\"page-restrict-output\"><p>V sredo, 3. 6. 2009, smo s P\u0160 Krka od\u0161li v Piran na zaklju\u010dno ekskurzijo. U\u017eivali smo. U\u010denci so bili seveda najbolj navdu\u0161eni nad vo\u017enjo z ladjico. Skozi prozorno dno so lahko opazovali morsko dno in podvodno \u017eivljenje, obalo so opazovali \u0161e z druge, manj obi\u010dajne strani. Na Tartinijevem trgu je najbolj prijala malica. Mimo mestnega obzidja smo se povzpeli do cerkve sv. Jurija, kjer se je pogled odpo\u010dil v panoramskem razgledu.<\/p>\n<table border=\"0\" width=\"600\">\n<tbody>\n<tr>\n<td>\n<div id=\"attachment_950\" style=\"width: 160px\" class=\"wp-caption alignleft\"><a rel=\"lightbox\" href=\"http:\/\/193.2.241.104\/wp-content\/uploads\/2009\/06\/piran0161.jpg\"><img decoding=\"async\" aria-describedby=\"caption-attachment-950\" class=\"size-thumbnail wp-image-950\" title=\"piran0161\" src=\"http:\/\/193.2.241.104\/wp-content\/uploads\/2009\/06\/piran0161-150x150.jpg\" alt=\"Ekskurzija v Piran\" width=\"150\" height=\"150\" \/><\/a><p id=\"caption-attachment-950\" class=\"wp-caption-text\">Ekskurzija v Piran 1<\/p><\/div><\/td>\n<td>\n<div id=\"attachment_951\" style=\"width: 160px\" class=\"wp-caption alignleft\"><a rel=\"lightbox\" href=\"http:\/\/193.2.241.104\/wp-content\/uploads\/2009\/06\/piran027.jpg\"><img decoding=\"async\" aria-describedby=\"caption-attachment-951\" class=\"size-thumbnail wp-image-951\" title=\"piran027\" src=\"http:\/\/193.2.241.104\/wp-content\/uploads\/2009\/06\/piran027-150x150.jpg\" alt=\"Ekskurzija v Piran 2\" width=\"150\" height=\"150\" \/><\/a><p id=\"caption-attachment-951\" class=\"wp-caption-text\">Ekskurzija v Piran 2<\/p><\/div><\/td>\n<td>\n<div id=\"attachment_952\" style=\"width: 160px\" class=\"wp-caption alignleft\"><a rel=\"lightbox\" href=\"http:\/\/193.2.241.104\/wp-content\/uploads\/2009\/06\/piran031.jpg\"><img decoding=\"async\" aria-describedby=\"caption-attachment-952\" class=\"size-thumbnail wp-image-952\" title=\"piran031\" src=\"http:\/\/193.2.241.104\/wp-content\/uploads\/2009\/06\/piran031-150x150.jpg\" alt=\"Ekskurzija v Piran 3\" width=\"150\" height=\"150\" \/><\/a><p id=\"caption-attachment-952\" class=\"wp-caption-text\">Ekskurzija v Piran 3<\/p><\/div><\/td>\n<\/tr>\n<tr>\n<td>\n<div id=\"attachment_953\" style=\"width: 160px\" class=\"wp-caption alignleft\"><a rel=\"lightbox\" href=\"http:\/\/193.2.241.104\/wp-content\/uploads\/2009\/06\/piran033.jpg\"><img loading=\"lazy\" decoding=\"async\" aria-describedby=\"caption-attachment-953\" class=\"size-thumbnail wp-image-953\" title=\"piran033\" src=\"http:\/\/193.2.241.104\/wp-content\/uploads\/2009\/06\/piran033-150x150.jpg\" alt=\"Ekskurzija v Piran 4\" width=\"150\" height=\"150\" \/><\/a><p id=\"caption-attachment-953\" class=\"wp-caption-text\">Ekskurzija v Piran 4<\/p><\/div><\/td>\n<td>\n<div id=\"attachment_954\" style=\"width: 160px\" class=\"wp-caption alignleft\"><a rel=\"lightbox\" href=\"http:\/\/193.2.241.104\/wp-content\/uploads\/2009\/06\/piran042.jpg\"><img loading=\"lazy\" decoding=\"async\" aria-describedby=\"caption-attachment-954\" class=\"size-thumbnail wp-image-954\" title=\"piran042\" src=\"http:\/\/193.2.241.104\/wp-content\/uploads\/2009\/06\/piran042-150x150.jpg\" alt=\"Ekskurzija v Piran 4\" width=\"150\" height=\"150\" \/><\/a><p id=\"caption-attachment-954\" class=\"wp-caption-text\">Ekskurzija v Piran 5<\/p><\/div><\/td>\n<td><\/td>\n<\/tr>\n<\/tbody>\n<\/table>\n<\/div>","protected":false},"excerpt":{"rendered":"<div class=\"page-restrict-output\"><p>V sredo, 3. 6. 2009, smo s P\u0160 Krka od\u0161li v Piran na zaklju\u010dno ekskurzijo. U\u017eivali smo. U\u010denci so bili seveda najbolj navdu\u0161eni nad vo\u017enjo z ladjico. Skozi prozorno dno so lahko opazovali morsko dno in podvodno \u017eivljenje, obalo so opazovali \u0161e z druge, manj obi\u010dajne strani. Na Tartinijevem trgu je najbolj prijala malica. Mimo mestnega obzidja smo se povzpeli [&#8230;]<\/p>\n<\/div>","protected":false},"author":4,"featured_media":0,"comment_status":"closed","ping_status":"closed","sticky":false,"template":"","format":"standard","meta":{"ngg_post_thumbnail":0,"_themeisle_gutenberg_block_has_review":false,"footnotes":""},"categories":[1,5],"tags":[87],"class_list":["post-948","post","type-post","status-publish","format-standard","hentry","category-objave","category-razredna-stopnja","tag-krka"],"featured_image_src":null,"featured_image_src_square":null,"author_info":{"display_name":"Gregor","author_link":"https:\/\/www.os-sticna.si\/?author=4"},"_links":{"self":[{"href":"https:\/\/www.os-sticna.si\/index.php?rest_route=\/wp\/v2\/posts\/948","targetHints":{"allow":["GET"]}}],"collection":[{"href":"https:\/\/www.os-sticna.si\/index.php?rest_route=\/wp\/v2\/posts"}],"about":[{"href":"https:\/\/www.os-sticna.si\/index.php?rest_route=\/wp\/v2\/types\/post"}],"author":[{"embeddable":true,"href":"https:\/\/www.os-sticna.si\/index.php?rest_route=\/wp\/v2\/users\/4"}],"replies":[{"embeddable":true,"href":"https:\/\/www.os-sticna.si\/index.php?rest_route=%2Fwp%2Fv2%2Fcomments&post=948"}],"version-history":[{"count":4,"href":"https:\/\/www.os-sticna.si\/index.php?rest_route=\/wp\/v2\/posts\/948\/revisions"}],"predecessor-version":[{"id":956,"href":"https:\/\/www.os-sticna.si\/index.php?rest_route=\/wp\/v2\/posts\/948\/revisions\/956"}],"wp:attachment":[{"href":"https:\/\/www.os-sticna.si\/index.php?rest_route=%2Fwp%2Fv2%2Fmedia&parent=948"}],"wp:term":[{"taxonomy":"category","embeddable":true,"href":"https:\/\/www.os-sticna.si\/index.php?rest_route=%2Fwp%2Fv2%2Fcategories&post=948"},{"taxonomy":"post_tag","embeddable":true,"href":"https:\/\/www.os-sticna.si\/index.php?rest_route=%2Fwp%2Fv2%2Ftags&post=948"}],"curies":[{"name":"wp","href":"https:\/\/api.w.org\/{rel}","templated":true}]}}