{"id":873,"date":"2009-05-25T12:46:33","date_gmt":"2009-05-25T11:46:33","guid":{"rendered":"http:\/\/193.2.241.104\/?p=873"},"modified":"2009-05-25T12:58:09","modified_gmt":"2009-05-25T11:58:09","slug":"prireditev-ob-10-%e2%80%93-letnici-materisnkega-doma-v-visnji-gori","status":"publish","type":"post","link":"https:\/\/www.os-sticna.si\/?p=873","title":{"rendered":"Prireditev ob 10 &#8211; letnici materinskega doma"},"content":{"rendered":"<div class=\"page-restrict-output\"><p><a rel=\"lightbox\" href=\"http:\/\/193.2.241.104\/wp-content\/uploads\/2009\/05\/ucenci-075-small1.jpg\"><img decoding=\"async\" class=\"alignleft size-thumbnail wp-image-875\" style=\"margin: 5px;\" title=\"ucenci-075-small1\" src=\"http:\/\/193.2.241.104\/wp-content\/uploads\/2009\/05\/ucenci-075-small1-150x150.jpg\" alt=\"ucenci-075-small1\" width=\"150\" height=\"150\" \/><\/a>Vi\u0161nja Gora je v soboto, 23. maja 2009 zopet o\u017eivela. Materinski dom, ki ga vodi dobrodelna organizacija Karitas, je v soboto zve\u010der v prostorih gasilskega doma praznoval jubilejno 10 &#8211; letnico. Pred polno dvorano so nastopili tudi na\u0161i u\u010denci. U\u010denci 1. in 2. razreda so s posko\u010dno in igrivo plesno to\u010dko pod mentorstvom Tja\u0161e Glamo\u010dak razvedrili ob\u010dinstvo, bu\u010den aplavz pa je po\u017eela tudi na\u0161a u\u010denka Manca Pirc iz 7. razreda, ki je s prijetnim glasom do\u017eiveto zapela pesem Staneta Vidmarja Ne budite me vas prosim.<\/p>\n<p>U\u010denci so si s svojimi star\u0161i ogledali tudi ostali del bogatega programa, z zvezdo zimzelenih melodij Eldo Viler in posre\u010denim ansamblom Suhe \u010de\u0161plje. Posko\u010dne ljudske melodije so zaigralitudi na nenavadnih glasbilih, kot so npr. \u017eaga in grablje.<a href=\"http:\/\/193.2.241.104\/wp-content\/uploads\/2009\/05\/ucenci-123.jpg\" rel=\"lightbox\"><img decoding=\"async\" class=\"alignleft size-thumbnail wp-image-876\" title=\"ucenci-123\" src=\"http:\/\/193.2.241.104\/wp-content\/uploads\/2009\/05\/ucenci-123-150x150.jpg\" alt=\"ucenci-123\" width=\"150\" height=\"150\" \/><\/a><\/p>\n<\/p>ngg_shortcode_0_placeholder<p>Jasmina Zupan\u010di\u010d in Branka Emer\u0161i\u010d<\/p>\n<\/div>","protected":false},"excerpt":{"rendered":"<div class=\"page-restrict-output\"><p>Vi\u0161nja Gora je v soboto, 23. maja 2009 zopet o\u017eivela. Materinski dom, ki ga vodi dobrodelna organizacija Karitas, je v soboto zve\u010der v prostorih gasilskega doma praznoval jubilejno 10 &#8211; letnico. Pred polno dvorano so nastopili tudi na\u0161i u\u010denci. U\u010denci 1. in 2. razreda so s posko\u010dno in igrivo plesno to\u010dko pod mentorstvom Tja\u0161e Glamo\u010dak razvedrili ob\u010dinstvo, bu\u010den aplavz pa [&#8230;]<\/p>\n<\/div>","protected":false},"author":4,"featured_media":0,"comment_status":"closed","ping_status":"closed","sticky":false,"template":"","format":"standard","meta":{"ngg_post_thumbnail":0,"_themeisle_gutenberg_block_has_review":false,"footnotes":""},"categories":[1],"tags":[16,29],"class_list":["post-873","post","type-post","status-publish","format-standard","hentry","category-objave","tag-proslava","tag-visnja-gora"],"featured_image_src":null,"featured_image_src_square":null,"author_info":{"display_name":"Gregor","author_link":"https:\/\/www.os-sticna.si\/?author=4"},"_links":{"self":[{"href":"https:\/\/www.os-sticna.si\/index.php?rest_route=\/wp\/v2\/posts\/873","targetHints":{"allow":["GET"]}}],"collection":[{"href":"https:\/\/www.os-sticna.si\/index.php?rest_route=\/wp\/v2\/posts"}],"about":[{"href":"https:\/\/www.os-sticna.si\/index.php?rest_route=\/wp\/v2\/types\/post"}],"author":[{"embeddable":true,"href":"https:\/\/www.os-sticna.si\/index.php?rest_route=\/wp\/v2\/users\/4"}],"replies":[{"embeddable":true,"href":"https:\/\/www.os-sticna.si\/index.php?rest_route=%2Fwp%2Fv2%2Fcomments&post=873"}],"version-history":[{"count":7,"href":"https:\/\/www.os-sticna.si\/index.php?rest_route=\/wp\/v2\/posts\/873\/revisions"}],"predecessor-version":[{"id":882,"href":"https:\/\/www.os-sticna.si\/index.php?rest_route=\/wp\/v2\/posts\/873\/revisions\/882"}],"wp:attachment":[{"href":"https:\/\/www.os-sticna.si\/index.php?rest_route=%2Fwp%2Fv2%2Fmedia&parent=873"}],"wp:term":[{"taxonomy":"category","embeddable":true,"href":"https:\/\/www.os-sticna.si\/index.php?rest_route=%2Fwp%2Fv2%2Fcategories&post=873"},{"taxonomy":"post_tag","embeddable":true,"href":"https:\/\/www.os-sticna.si\/index.php?rest_route=%2Fwp%2Fv2%2Ftags&post=873"}],"curies":[{"name":"wp","href":"https:\/\/api.w.org\/{rel}","templated":true}]}}