{"id":803,"date":"2009-04-20T09:12:52","date_gmt":"2009-04-20T08:12:52","guid":{"rendered":"http:\/\/193.2.241.104\/?p=803"},"modified":"2009-04-20T09:13:39","modified_gmt":"2009-04-20T08:13:39","slug":"likovni-natecaj-na-temo-varstva-pri-delu","status":"publish","type":"post","link":"https:\/\/www.os-sticna.si\/?p=803","title":{"rendered":"Likovni nate\u010daj na temo varstva pri delu"},"content":{"rendered":"<div class=\"page-restrict-output\"><p>Na P\u0160 Sti\u010dna smo z u\u010denci in u\u010denkami 1., 2. in 3. razreda sodelovali na nate\u010daju za najbolj\u0161e likovne izdelke na temo varnosti in zdravja pri delu. Povabljeni smo bili na slavnostno odprtje razstave najbolj\u0161ih likovnih izdelkov in podelitev nagrad.<\/p>\n<p>Tudi na\u0161a u\u010denka 2. razreda Dora Plantari\u010d, pod mentorstvom Anje Jordan, je bila med nagrajenimi u\u010denci in u\u010denkami. \u010cestitamo.<\/p>\n<p style=\"text-align: left;\">Razstava je v Galeriji KRKA v Ljubljani.<br \/>\nTukaj je nekaj utrinkov s prireditve.<\/p>\n<p style=\"text-align: left;\">ngg_shortcode_0_placeholder\nVodja \u0161ole<br \/>\nJasmina Tekav\u010di\u010d<\/p>\n<\/div>","protected":false},"excerpt":{"rendered":"<div class=\"page-restrict-output\"><p>Na P\u0160 Sti\u010dna smo z u\u010denci in u\u010denkami 1., 2. in 3. razreda sodelovali na nate\u010daju za najbolj\u0161e likovne izdelke na temo varnosti in zdravja pri delu. Povabljeni smo bili na slavnostno odprtje razstave najbolj\u0161ih likovnih izdelkov in podelitev nagrad. Tudi na\u0161a u\u010denka 2. razreda Dora Plantari\u010d, pod mentorstvom Anje Jordan, je bila med nagrajenimi u\u010denci in u\u010denkami. \u010cestitamo. Razstava [&#8230;]<\/p>\n<\/div>","protected":false},"author":4,"featured_media":0,"comment_status":"closed","ping_status":"closed","sticky":false,"template":"","format":"standard","meta":{"ngg_post_thumbnail":0,"_themeisle_gutenberg_block_has_review":false,"footnotes":""},"categories":[1,5],"tags":[],"class_list":["post-803","post","type-post","status-publish","format-standard","hentry","category-objave","category-razredna-stopnja"],"featured_image_src":null,"featured_image_src_square":null,"author_info":{"display_name":"Gregor","author_link":"https:\/\/www.os-sticna.si\/?author=4"},"_links":{"self":[{"href":"https:\/\/www.os-sticna.si\/index.php?rest_route=\/wp\/v2\/posts\/803","targetHints":{"allow":["GET"]}}],"collection":[{"href":"https:\/\/www.os-sticna.si\/index.php?rest_route=\/wp\/v2\/posts"}],"about":[{"href":"https:\/\/www.os-sticna.si\/index.php?rest_route=\/wp\/v2\/types\/post"}],"author":[{"embeddable":true,"href":"https:\/\/www.os-sticna.si\/index.php?rest_route=\/wp\/v2\/users\/4"}],"replies":[{"embeddable":true,"href":"https:\/\/www.os-sticna.si\/index.php?rest_route=%2Fwp%2Fv2%2Fcomments&post=803"}],"version-history":[{"count":4,"href":"https:\/\/www.os-sticna.si\/index.php?rest_route=\/wp\/v2\/posts\/803\/revisions"}],"predecessor-version":[{"id":807,"href":"https:\/\/www.os-sticna.si\/index.php?rest_route=\/wp\/v2\/posts\/803\/revisions\/807"}],"wp:attachment":[{"href":"https:\/\/www.os-sticna.si\/index.php?rest_route=%2Fwp%2Fv2%2Fmedia&parent=803"}],"wp:term":[{"taxonomy":"category","embeddable":true,"href":"https:\/\/www.os-sticna.si\/index.php?rest_route=%2Fwp%2Fv2%2Fcategories&post=803"},{"taxonomy":"post_tag","embeddable":true,"href":"https:\/\/www.os-sticna.si\/index.php?rest_route=%2Fwp%2Fv2%2Ftags&post=803"}],"curies":[{"name":"wp","href":"https:\/\/api.w.org\/{rel}","templated":true}]}}