{"id":751,"date":"2009-04-06T11:29:52","date_gmt":"2009-04-06T10:29:52","guid":{"rendered":"http:\/\/193.2.241.104\/?p=751"},"modified":"2009-04-06T11:29:52","modified_gmt":"2009-04-06T10:29:52","slug":"proslava-na-krki","status":"publish","type":"post","link":"https:\/\/www.os-sticna.si\/?p=751","title":{"rendered":"Proslava na Krki"},"content":{"rendered":"<div class=\"page-restrict-output\"><p>V petek, 27. 3. 2009, smo se v Dru\u017ebenem centru na Krki zbrali pred nabito polno dvorano u\u010denci P\u0160 Krka z mentoricami in \u010dlani KD Gledali\u0161\u010de Krka ter gledalce razveselili s prireditvijo ob dnevu \u017eena in materinskem dnevu.<\/p>\n<table border=\"0\" width=\"100%\">\n<tbody>\n<tr>\n<td><a href=\"http:\/\/193.2.241.104\/wp-content\/uploads\/2009\/04\/proslava_marec_09_1.jpg\" rel=\"lightbox\"><img decoding=\"async\" class=\"alignleft size-thumbnail wp-image-744\" title=\"proslava_marec_09_1\" src=\"http:\/\/193.2.241.104\/wp-content\/uploads\/2009\/04\/proslava_marec_09_1-150x150.jpg\" alt=\"proslava_marec_09_1\" width=\"150\" height=\"150\" \/><\/a><\/td>\n<td><a href=\"http:\/\/193.2.241.104\/wp-content\/uploads\/2009\/04\/proslava_marec_09_2.jpg\" rel=\"lightbox\"><img decoding=\"async\" class=\"alignleft size-thumbnail wp-image-745\" title=\"proslava_marec_09_2\" src=\"http:\/\/193.2.241.104\/wp-content\/uploads\/2009\/04\/proslava_marec_09_2-150x150.jpg\" alt=\"proslava_marec_09_2\" width=\"150\" height=\"150\" \/><\/a><\/td>\n<td><a href=\"http:\/\/193.2.241.104\/wp-content\/uploads\/2009\/04\/proslava_marec_09_3.jpg\" rel=\"lightbox\"><img decoding=\"async\" class=\"alignleft size-thumbnail wp-image-746\" title=\"proslava_marec_09_3\" src=\"http:\/\/193.2.241.104\/wp-content\/uploads\/2009\/04\/proslava_marec_09_3-150x150.jpg\" alt=\"proslava_marec_09_3\" width=\"150\" height=\"150\" \/><\/a><\/td>\n<\/tr>\n<tr>\n<td><a href=\"http:\/\/193.2.241.104\/wp-content\/uploads\/2009\/04\/proslava_marec_09_4.jpg\" rel=\"lightbox\"><img loading=\"lazy\" decoding=\"async\" class=\"alignleft size-thumbnail wp-image-747\" title=\"proslava_marec_09_4\" src=\"http:\/\/193.2.241.104\/wp-content\/uploads\/2009\/04\/proslava_marec_09_4-150x150.jpg\" alt=\"proslava_marec_09_4\" width=\"150\" height=\"150\" \/><\/a><\/td>\n<td><a href=\"http:\/\/193.2.241.104\/wp-content\/uploads\/2009\/04\/proslava_marec_09_5.jpg\" rel=\"lightbox\"><img loading=\"lazy\" decoding=\"async\" class=\"alignleft size-thumbnail wp-image-748\" title=\"proslava_marec_09_5\" src=\"http:\/\/193.2.241.104\/wp-content\/uploads\/2009\/04\/proslava_marec_09_5-150x150.jpg\" alt=\"proslava_marec_09_5\" width=\"150\" height=\"150\" \/><\/a><\/td>\n<td><\/td>\n<\/tr>\n<\/tbody>\n<\/table>\n<\/div>","protected":false},"excerpt":{"rendered":"<div class=\"page-restrict-output\"><p>V petek, 27. 3. 2009, smo se v Dru\u017ebenem centru na Krki zbrali pred nabito polno dvorano u\u010denci P\u0160 Krka z mentoricami in \u010dlani KD Gledali\u0161\u010de Krka ter gledalce razveselili s prireditvijo ob dnevu \u017eena in materinskem dnevu.<\/p>\n<\/div>","protected":false},"author":4,"featured_media":0,"comment_status":"closed","ping_status":"closed","sticky":false,"template":"","format":"standard","meta":{"ngg_post_thumbnail":0,"_themeisle_gutenberg_block_has_review":false,"footnotes":""},"categories":[1],"tags":[87],"class_list":["post-751","post","type-post","status-publish","format-standard","hentry","category-objave","tag-krka"],"featured_image_src":null,"featured_image_src_square":null,"author_info":{"display_name":"Gregor","author_link":"https:\/\/www.os-sticna.si\/?author=4"},"_links":{"self":[{"href":"https:\/\/www.os-sticna.si\/index.php?rest_route=\/wp\/v2\/posts\/751","targetHints":{"allow":["GET"]}}],"collection":[{"href":"https:\/\/www.os-sticna.si\/index.php?rest_route=\/wp\/v2\/posts"}],"about":[{"href":"https:\/\/www.os-sticna.si\/index.php?rest_route=\/wp\/v2\/types\/post"}],"author":[{"embeddable":true,"href":"https:\/\/www.os-sticna.si\/index.php?rest_route=\/wp\/v2\/users\/4"}],"replies":[{"embeddable":true,"href":"https:\/\/www.os-sticna.si\/index.php?rest_route=%2Fwp%2Fv2%2Fcomments&post=751"}],"version-history":[{"count":1,"href":"https:\/\/www.os-sticna.si\/index.php?rest_route=\/wp\/v2\/posts\/751\/revisions"}],"predecessor-version":[{"id":752,"href":"https:\/\/www.os-sticna.si\/index.php?rest_route=\/wp\/v2\/posts\/751\/revisions\/752"}],"wp:attachment":[{"href":"https:\/\/www.os-sticna.si\/index.php?rest_route=%2Fwp%2Fv2%2Fmedia&parent=751"}],"wp:term":[{"taxonomy":"category","embeddable":true,"href":"https:\/\/www.os-sticna.si\/index.php?rest_route=%2Fwp%2Fv2%2Fcategories&post=751"},{"taxonomy":"post_tag","embeddable":true,"href":"https:\/\/www.os-sticna.si\/index.php?rest_route=%2Fwp%2Fv2%2Ftags&post=751"}],"curies":[{"name":"wp","href":"https:\/\/api.w.org\/{rel}","templated":true}]}}