{"id":33338,"date":"2025-11-14T10:30:32","date_gmt":"2025-11-14T09:30:32","guid":{"rendered":"https:\/\/www.os-sticna.si\/?p=33338"},"modified":"2025-11-18T10:44:02","modified_gmt":"2025-11-18T09:44:02","slug":"teden-slovenske-hrane-in-tradicionalni-slovenski-zajtrk-2025","status":"publish","type":"post","link":"https:\/\/www.os-sticna.si\/?p=33338","title":{"rendered":"Teden slovenske hrane in tradicionalni slovenski zajtrk 2025"},"content":{"rendered":"<div class=\"page-restrict-output\">\n<div class=\"wp-block-columns is-layout-flex wp-container-core-columns-is-layout-9d6595d7 wp-block-columns-is-layout-flex\">\n<div class=\"wp-block-column is-layout-flow wp-block-column-is-layout-flow\" style=\"flex-basis:66.66%\">\n<p>Letos v tednu od 17. do 23. novembra 2025 obele\u017eujemo Teden slovenske hrane, ki spodbuja k ponovnemu odkrivanju bogate tradicije doma\u010dih jedi ter koristi lokalno pridelane hrane. Tudi na O\u0160 Sti\u010dna smo na jedilnik v najve\u010dji mo\u017eni meri uvrstili slovenske tradicionalne jedi, sestavine pa smo po zmo\u017enostih naro\u010dili iz lokalnega okolja. V tem tednu bomo pri razli\u010dnih predmetih vklju\u010devali tematike povezane s slovensko hrano, tradicionalnimi jedmi in zdravim na\u010dinom prehranjevanja.<\/p>\n\n\n\n<p>Osrednji dogodek tega tedna pa bo \u017ee 15. Tradicionalni slovenski zajtrk, ki ga bomo obele\u017eili v petek, 21. 11. 2025. Tradicionalni slovenski zajtrk sestavljajo kruh, maslo, mleko, med in slovensko sadje \u2013 vse lokalne pridelave. Leto\u0161nji slogan projekta se glasi \u00bbMoja izbira je slovenska hrana.\u00ab Na ta dan bomo na \u0161oli izvajali dneve dejavnosti, postavili bomo razstavo in obiskali nas bodo \u010dlani \u010cebelarskega dru\u0161tva Sti\u010dna.<\/p>\n<\/div>\n\n\n\n<div class=\"wp-block-column is-layout-flow wp-block-column-is-layout-flow\" style=\"flex-basis:33.33%\">\n<figure data-wp-context=\"{&quot;imageId&quot;:&quot;69f4a62d5d3e7&quot;}\" data-wp-interactive=\"core\/image\" data-wp-key=\"69f4a62d5d3e7\" class=\"wp-block-image size-large wp-lightbox-container\"><img fetchpriority=\"high\" decoding=\"async\" width=\"800\" height=\"571\" data-wp-class--hide=\"state.isContentHidden\" data-wp-class--show=\"state.isContentVisible\" data-wp-init=\"callbacks.setButtonStyles\" data-wp-on--click=\"actions.showLightbox\" data-wp-on--load=\"callbacks.setButtonStyles\" data-wp-on-window--resize=\"callbacks.setButtonStyles\" src=\"https:\/\/www.os-sticna.si\/wp-content\/uploads\/2025\/11\/dsh2025-800x571.png\" alt=\"\" class=\"wp-image-33339\" srcset=\"https:\/\/www.os-sticna.si\/wp-content\/uploads\/2025\/11\/dsh2025-800x571.png 800w, https:\/\/www.os-sticna.si\/wp-content\/uploads\/2025\/11\/dsh2025-320x229.png 320w, https:\/\/www.os-sticna.si\/wp-content\/uploads\/2025\/11\/dsh2025-768x549.png 768w, https:\/\/www.os-sticna.si\/wp-content\/uploads\/2025\/11\/dsh2025-1536x1097.png 1536w, https:\/\/www.os-sticna.si\/wp-content\/uploads\/2025\/11\/dsh2025.png 2048w\" sizes=\"(max-width: 800px) 100vw, 800px\" \/><button\n\t\t\tclass=\"lightbox-trigger\"\n\t\t\ttype=\"button\"\n\t\t\taria-haspopup=\"dialog\"\n\t\t\taria-label=\"Enlarge\"\n\t\t\tdata-wp-init=\"callbacks.initTriggerButton\"\n\t\t\tdata-wp-on--click=\"actions.showLightbox\"\n\t\t\tdata-wp-style--right=\"state.imageButtonRight\"\n\t\t\tdata-wp-style--top=\"state.imageButtonTop\"\n\t\t>\n\t\t\t<svg xmlns=\"http:\/\/www.w3.org\/2000\/svg\" width=\"12\" height=\"12\" fill=\"none\" viewBox=\"0 0 12 12\">\n\t\t\t\t<path fill=\"#fff\" d=\"M2 0a2 2 0 0 0-2 2v2h1.5V2a.5.5 0 0 1 .5-.5h2V0H2Zm2 10.5H2a.5.5 0 0 1-.5-.5V8H0v2a2 2 0 0 0 2 2h2v-1.5ZM8 12v-1.5h2a.5.5 0 0 0 .5-.5V8H12v2a2 2 0 0 1-2 2H8Zm2-12a2 2 0 0 1 2 2v2h-1.5V2a.5.5 0 0 0-.5-.5H8V0h2Z\" \/>\n\t\t\t<\/svg>\n\t\t<\/button><\/figure>\n<\/div>\n<\/div>\n<\/div>","protected":false},"excerpt":{"rendered":"<div class=\"page-restrict-output\"><p>Letos v tednu od 17. do 23. novembra 2025 obele\u017eujemo Teden slovenske hrane, ki spodbuja k ponovnemu odkrivanju bogate tradicije doma\u010dih jedi ter koristi lokalno pridelane hrane. Tudi na O\u0160 Sti\u010dna smo na jedilnik v najve\u010dji mo\u017eni meri uvrstili slovenske tradicionalne jedi, sestavine pa smo po zmo\u017enostih naro\u010dili iz lokalnega okolja. V tem tednu bomo pri razli\u010dnih predmetih vklju\u010devali tematike [&#8230;]<\/p>\n<\/div>","protected":false},"author":4,"featured_media":33361,"comment_status":"closed","ping_status":"open","sticky":false,"template":"","format":"standard","meta":{"ngg_post_thumbnail":0,"_themeisle_gutenberg_block_has_review":false,"footnotes":""},"categories":[3],"tags":[],"class_list":["post-33338","post","type-post","status-publish","format-standard","has-post-thumbnail","hentry","category-obvestila"],"featured_image_src":"https:\/\/www.os-sticna.si\/wp-content\/uploads\/2025\/11\/tzs-2025-cover-600x280.jpg","featured_image_src_square":"https:\/\/www.os-sticna.si\/wp-content\/uploads\/2025\/11\/tzs-2025-cover-600x280.jpg","author_info":{"display_name":"Gregor","author_link":"https:\/\/www.os-sticna.si\/?author=4"},"_links":{"self":[{"href":"https:\/\/www.os-sticna.si\/index.php?rest_route=\/wp\/v2\/posts\/33338","targetHints":{"allow":["GET"]}}],"collection":[{"href":"https:\/\/www.os-sticna.si\/index.php?rest_route=\/wp\/v2\/posts"}],"about":[{"href":"https:\/\/www.os-sticna.si\/index.php?rest_route=\/wp\/v2\/types\/post"}],"author":[{"embeddable":true,"href":"https:\/\/www.os-sticna.si\/index.php?rest_route=\/wp\/v2\/users\/4"}],"replies":[{"embeddable":true,"href":"https:\/\/www.os-sticna.si\/index.php?rest_route=%2Fwp%2Fv2%2Fcomments&post=33338"}],"version-history":[{"count":1,"href":"https:\/\/www.os-sticna.si\/index.php?rest_route=\/wp\/v2\/posts\/33338\/revisions"}],"predecessor-version":[{"id":33340,"href":"https:\/\/www.os-sticna.si\/index.php?rest_route=\/wp\/v2\/posts\/33338\/revisions\/33340"}],"wp:featuredmedia":[{"embeddable":true,"href":"https:\/\/www.os-sticna.si\/index.php?rest_route=\/wp\/v2\/media\/33361"}],"wp:attachment":[{"href":"https:\/\/www.os-sticna.si\/index.php?rest_route=%2Fwp%2Fv2%2Fmedia&parent=33338"}],"wp:term":[{"taxonomy":"category","embeddable":true,"href":"https:\/\/www.os-sticna.si\/index.php?rest_route=%2Fwp%2Fv2%2Fcategories&post=33338"},{"taxonomy":"post_tag","embeddable":true,"href":"https:\/\/www.os-sticna.si\/index.php?rest_route=%2Fwp%2Fv2%2Ftags&post=33338"}],"curies":[{"name":"wp","href":"https:\/\/api.w.org\/{rel}","templated":true}]}}