{"id":31987,"date":"2025-03-28T10:09:41","date_gmt":"2025-03-28T09:09:41","guid":{"rendered":"https:\/\/www.os-sticna.si\/?p=31987"},"modified":"2025-03-28T10:09:41","modified_gmt":"2025-03-28T09:09:41","slug":"prireditev-prihod-pomladi-in-materinski-dan-na-ps-sticna","status":"publish","type":"post","link":"https:\/\/www.os-sticna.si\/?p=31987","title":{"rendered":"PRIREDITEV PRIHOD POMLADI IN MATERINSKI DAN NA P\u0160 STI\u010cNA"},"content":{"rendered":"<div class=\"page-restrict-output\">\n<p>Ob prihodu pomladi in materinskem dnevu so u\u010denci P\u0160 Sti\u010dna z u\u010diteljicami ter otroci Vrtca Mi\u0161ka z vzgojiteljicami pripravili kulturno prireditev v torek, 25. 3. 2025.<br>V polni dvorani kulturnega doma so se zbrale dru\u017eine. O\u010dki, mamice, babice, dedki so z ljubeznijo in ponosom pri\u010dakali svoje otroke.<br>Prireditev je za\u010dela s pomladnim pozdravom vzgojiteljica Tadeja, nato pa so s prisr\u010dnim plesom nadaljevali najmlaj\u0161i iz vrtca.<br>Starej\u0161a skupina otrok je plesala, pripovedovala o o\u010dkih in mamicah in dokazala, kako majhni so otroci in kako veliko \u017ee znajo.<br>Nato so oder zapolnili u\u010denci prvega razreda, ki so mamicam podarili pesem \u0160opek za mamico ter navdu\u0161ili z modernim plesom.<br>U\u010denci drugega razreda so predstavili svoji avtorski pesmi o o\u010dkih in mamicah. Nasmejali so dvorano ter svoje star\u0161e prijetno presenetili tudi s kostumi, ki so jih izdelali.<br>Tretji razred pa se je predstavil s priredbo pesmi skupine Fehtarji. Malo za \u0161alo in malo zares so se zahvalili star\u0161em za njihovo ljubezen in skrb in obljubili, da bodo \u0161e bolj\u0161i\u00a0 u\u010denci.<br>Oder je postal skoraj premajhen, ko so se zbrali vsi u\u010denci na\u0161e podru\u017enice za skupno angle\u0161ko pesem o super mami.<br>Z zaklju\u010dnim pozdravom vodje podru\u017eni\u010dne \u0161ole Simone se je \u00a0prisr\u010dna prireditev zaklju\u010dila.<\/p>\n\n\n\n<p>Otroci so se posladkali z \u017eitno rezino in sokom ter nadaljevali s praznovanjem v dru\u017einskem krogu.<\/p>\n\n\n\n<div id=\"wp-block-themeisle-blocks-slider-beac4fb8\" class=\"wp-block-themeisle-blocks-slider glide\" data-per-view=\"1\" data-gap=\"0\" data-peek=\"0\" data-autoplay=\"3000\" data-height=\"600px\" data-hide-arrows=\"false\"><div class=\"glide__track\" data-glide-el=\"track\"><div class=\"glide__slides\"><div class=\"wp-block-themeisle-blocks-slider-item-wrapper glide__slide\" tabindex=\"0\"><figure><img decoding=\"async\" class=\"wp-block-themeisle-blocks-slider-item\" src=\"https:\/\/www.os-sticna.si\/wp-content\/uploads\/2025\/03\/20250325_171252.jpg\" alt=\"\" title=\"\" data-id=\"31988\"\/><\/figure><\/div><div class=\"wp-block-themeisle-blocks-slider-item-wrapper glide__slide\" tabindex=\"0\"><figure><img decoding=\"async\" class=\"wp-block-themeisle-blocks-slider-item\" src=\"https:\/\/www.os-sticna.si\/wp-content\/uploads\/2025\/03\/20250325_171804.jpg\" alt=\"\" title=\"\" data-id=\"31990\"\/><\/figure><\/div><div class=\"wp-block-themeisle-blocks-slider-item-wrapper glide__slide\" tabindex=\"0\"><figure><img decoding=\"async\" class=\"wp-block-themeisle-blocks-slider-item\" src=\"https:\/\/www.os-sticna.si\/wp-content\/uploads\/2025\/03\/20250325_172049.jpg\" alt=\"\" title=\"\" data-id=\"31992\"\/><\/figure><\/div><div class=\"wp-block-themeisle-blocks-slider-item-wrapper glide__slide\" tabindex=\"0\"><figure><img decoding=\"async\" class=\"wp-block-themeisle-blocks-slider-item\" src=\"https:\/\/www.os-sticna.si\/wp-content\/uploads\/2025\/03\/20250325_172854.jpg\" alt=\"\" title=\"\" data-id=\"31989\"\/><\/figure><\/div><div class=\"wp-block-themeisle-blocks-slider-item-wrapper glide__slide\" tabindex=\"0\"><figure><img decoding=\"async\" class=\"wp-block-themeisle-blocks-slider-item\" src=\"https:\/\/www.os-sticna.si\/wp-content\/uploads\/2025\/03\/20250325_173240.jpg\" alt=\"\" title=\"\" data-id=\"31993\"\/><\/figure><\/div><div class=\"wp-block-themeisle-blocks-slider-item-wrapper glide__slide\" tabindex=\"0\"><figure><img decoding=\"async\" class=\"wp-block-themeisle-blocks-slider-item\" src=\"https:\/\/www.os-sticna.si\/wp-content\/uploads\/2025\/03\/20250325_173850.jpg\" alt=\"\" title=\"\" data-id=\"31991\"\/><\/figure><\/div><\/div><div class=\"glide__bullets\" data-glide-el=\"controls[nav]\"><button class=\"glide__bullet\" data-glide-dir=\"=0\"><\/button><button class=\"glide__bullet\" data-glide-dir=\"=1\"><\/button><button class=\"glide__bullet\" data-glide-dir=\"=2\"><\/button><button class=\"glide__bullet\" data-glide-dir=\"=3\"><\/button><button class=\"glide__bullet\" data-glide-dir=\"=4\"><\/button><button class=\"glide__bullet\" data-glide-dir=\"=5\"><\/button><\/div><\/div><\/div>\n\n\n\n<p class=\"has-text-align-right\">Simona Barle Krese<\/p>\n<\/div>","protected":false},"excerpt":{"rendered":"<div class=\"page-restrict-output\"><p>Ob prihodu pomladi in materinskem dnevu so u\u010denci P\u0160 Sti\u010dna z u\u010diteljicami ter otroci Vrtca Mi\u0161ka z vzgojiteljicami pripravili kulturno prireditev v torek, 25. 3. 2025.V polni dvorani kulturnega doma so se zbrale dru\u017eine. O\u010dki, mamice, babice, dedki so z ljubeznijo in ponosom pri\u010dakali svoje otroke.Prireditev je za\u010dela s pomladnim pozdravom vzgojiteljica Tadeja, nato pa so s prisr\u010dnim plesom nadaljevali [&#8230;]<\/p>\n<\/div>","protected":false},"author":4,"featured_media":0,"comment_status":"closed","ping_status":"open","sticky":false,"template":"","format":"standard","meta":{"ngg_post_thumbnail":0,"_themeisle_gutenberg_block_has_review":false,"footnotes":""},"categories":[5],"tags":[18],"class_list":["post-31987","post","type-post","status-publish","format-standard","hentry","category-razredna-stopnja","tag-sticna"],"featured_image_src":null,"featured_image_src_square":null,"author_info":{"display_name":"Gregor","author_link":"https:\/\/www.os-sticna.si\/?author=4"},"_links":{"self":[{"href":"https:\/\/www.os-sticna.si\/index.php?rest_route=\/wp\/v2\/posts\/31987","targetHints":{"allow":["GET"]}}],"collection":[{"href":"https:\/\/www.os-sticna.si\/index.php?rest_route=\/wp\/v2\/posts"}],"about":[{"href":"https:\/\/www.os-sticna.si\/index.php?rest_route=\/wp\/v2\/types\/post"}],"author":[{"embeddable":true,"href":"https:\/\/www.os-sticna.si\/index.php?rest_route=\/wp\/v2\/users\/4"}],"replies":[{"embeddable":true,"href":"https:\/\/www.os-sticna.si\/index.php?rest_route=%2Fwp%2Fv2%2Fcomments&post=31987"}],"version-history":[{"count":1,"href":"https:\/\/www.os-sticna.si\/index.php?rest_route=\/wp\/v2\/posts\/31987\/revisions"}],"predecessor-version":[{"id":31994,"href":"https:\/\/www.os-sticna.si\/index.php?rest_route=\/wp\/v2\/posts\/31987\/revisions\/31994"}],"wp:attachment":[{"href":"https:\/\/www.os-sticna.si\/index.php?rest_route=%2Fwp%2Fv2%2Fmedia&parent=31987"}],"wp:term":[{"taxonomy":"category","embeddable":true,"href":"https:\/\/www.os-sticna.si\/index.php?rest_route=%2Fwp%2Fv2%2Fcategories&post=31987"},{"taxonomy":"post_tag","embeddable":true,"href":"https:\/\/www.os-sticna.si\/index.php?rest_route=%2Fwp%2Fv2%2Ftags&post=31987"}],"curies":[{"name":"wp","href":"https:\/\/api.w.org\/{rel}","templated":true}]}}