{"id":3162,"date":"2011-06-02T12:42:29","date_gmt":"2011-06-02T11:42:29","guid":{"rendered":"http:\/\/193.2.241.104\/?p=3162"},"modified":"2011-11-14T13:19:12","modified_gmt":"2011-11-14T12:19:12","slug":"otvoritev-sole-na-krki","status":"publish","type":"post","link":"https:\/\/www.os-sticna.si\/?p=3162","title":{"rendered":"Otvoritev \u0161ole na Krki"},"content":{"rendered":"<div class=\"page-restrict-output\"><p>Krka se pona\u0161a z mnogimi turisti\u010dnimi zanimivosti, z 200 let staro \u0161olo, od sobote naprej pa \u0161e z novo \u0161olo in vrtcem.<\/p>\n<p>28. maja smo se zbrali ob dru\u017ebenem centru na Krki, da praznujemo. Razlogov za praznovanje pa ni bilo malo; ob\u010dinski praznik, podelitev ob\u010dinskih nagrad, otvoritev \u0161ole in vrtca.<\/p>\n<p>Vse se je za\u010delo \u017ee teden dni prej. Krajani so zavihali rokave ter pripravili, v sodelovanju z vrtcem Ivan\u010dna Gorica, P\u0160 Krka ter z vsemi dru\u0161tvi na Krki, bogat in pester program. Zvrstilo se je mnogo dogodkov; od \u0161portnih, tekmovalnih, kulturnih, mo\u017een je bil ogled raznovrstnih razstav (gobarska, \u010debelarska, likovna, fotografska, lovska) in predstavitev dru\u0161tev (turisti\u010dno in kajaka\u0161ko).<\/p>\n<p>Vrhunec pa naj bi bila ravno sobota, 28.maj. Na prireditvi ob 16.00 uri se je na igri\u0161\u010du pod \u0161otorom zbrala velika mno\u017eica doma\u010dinov ter povabljenih gostov iz bli\u017enje in daljne okolice. Prvi del prireditve je bil namenjen praznovanju ob\u010dinskega praznika ob\u010dine Ivan\u010dna Gorica ter podelitvi ob\u010dinskih nagrad. V drugem delu pa smo bili pri\u010da veselju, otro\u0161ki razigranosti in iskrenosti. Najprej so se predstavili otroci iz vrtca Ivan\u010dna Gorica. S plesom, recitacijo in petjem so izrazili svoje veselje ob novo odprtem vrtcu na Krki, katerega do sedaj sploh ni bilo. Drugi del programa pa so zaklju\u010dili na\u0161i u\u010denci, u\u010denci P\u0160 Krka. S te\u017eka, pa vendar dostojno, so se s plesom in petjem poslovili od 200 let stare \u00bbGospe \u0161ole\u00ab. \u010ceprav jo imamo radi (tako u\u010denci, kot tudi u\u010ditelji, ki v njej pou\u010dujemo), jo cenimo in spo\u0161tujemo, pa vendar menimo, da je zares pri\u0161el \u010das, ko se moramo od nje posloviti. \u00bbGospa \u0161ola\u00ab nam je na pot k novi \u0161oli namenila \u0161e zadnje besede. Pomahali smo si, potem pa so u\u010denci ob kora\u010dnici Sti\u0161ke godbe in tistih, kateri so pred natanko 50-imi leti prvi\u010d prestopili njen prag, pogumno in ponosno odkorakali proti novi \u0161oli.<\/p>\n<p>Tam pa pesem, blagoslov, prerez traku in skok \u010dez prag nove \u0161ole. Obiskovalci so si lahko ogledali nove prostore vrtca in \u0161ole. Vsi prostori so opremljeni, tako vrtec, kot tudi \u0161ola pa smo poskrbeli, da ste poleg novih prostorov lahko videli \u0161e marsikaj. V \u0161olskih prostorih so \u017ee \u010dakali u\u010denci, kateri obiskujejo P\u0160 na Krki in skupaj z u\u010diteljicami prikazali utrinke u\u010dne ure v dana\u0161njem \u010dasu. Na hodniku, kjer bo v novem \u0161olske letu knji\u017enica, so u\u010denci P\u0160 Krka pripravili bazar, namenjen odprtju nove \u0161ole. V zbornici so bili razstavljeni predmeti\u00a0 in fotografije \u0161e iz \u010dasa, ko je stavba bila tovarna \u2013 \u0161iviljski obrat. Na ogled smo ponudili tudi dve diaprojekciji. Prva je prikazovala postopke gradnje nove \u0161ole, druga pa \u017eivljenje u\u010dencev in u\u010diteljic v leto\u0161njem \u0161olskem letu.<\/p>\n<p>V spodnjem delu v jedilnici smo se malce okrep\u010dali ter ob\u010dudovali novo kuhinjo.<\/p>\n<p>V poznih ve\u010dernih urah so se vrata \u0161ole zaprla, lu\u010di so ugasnile\u2026. a ne za dolgo. \u017de v ponedeljek so jih odprli in pri\u017egali u\u010denci \u0161e preostalih podru\u017eni\u010dnih \u0161ol ter mati\u010dne \u0161ole. U\u010denci P\u0160 Krka smo jim pripravili zaklju\u010dek projekta Bralna zna\u010dka. Vsi u\u010denci (bilo jih je preko 200) so si ogledali gledali\u0161ki predstavi v izvedbi u\u010dencev P\u0160 Vi\u0161nja Gora (Mojca Pokraculja, pripravili so jo u\u010denci 2. in 3.r.) ter P\u0160 Krka (Zakaj osli re\u010dejo IA? v izvedbi u\u010dencev 5.r.), se sprehodili po prostorih nove \u0161ole, za konec pa so si ogledali \u0161e razstave v dru\u017ebenem centru. Dru\u017eenje se je kon\u010dalo z nasmehom na obrazu vseh; tako u\u010dencev, kot tudi u\u010diteljev.<\/p>\n<p>Novo \u0161olsko leto bomo torej pri\u010deli v novi \u0161oli. Le-ta nam bo nudila ve\u010d prostora, svetlej\u0161e u\u010dilnice, prostor za \u0161portno vzgojo (telovadnica), knji\u017enico, jedilnico ter samostojno kuhinjo. Odmaknjeni od glavne ceste se bomo po\u010dutili varnej\u0161e.<\/p>\n<p>Ta veliki dan je torej za nami. Na\u0161e misli se umirjajo in urejajo v na\u0161o podzavest. Dogodek je bil res velik. Ne bi ga izpeljali, \u010de med sabo ne bi sodelovali. Pa vendar; ko se sedaj oziram nazaj, na tisto soboto 28. maja, se mi samo po sebi ponuja vpra\u0161anje: Kje je bila te\u017ea tega dne? Na ob\u010dinskem prazniku, katerega ob\u010dina praznuje vsako leto ali na otvoritvi vrtca in \u0161ole, ki se zagotovo ne bo ponovilo tako kmalu.<\/p>\n<p>Kakorkoli \u017ee; gremo naprej. Naprej s starimi sodelovanji (katere bomo nadgraditi) in vzpostavljanju novih sodelovanj. Prilo\u017enosti je ve\u010d, kot dovolj.<\/p>\n<p>Hvala vsem, ki dihate s P\u0160 Krka; vsem u\u010dencem, star\u0161em, vsem zaposlenim na P\u0160 Krka in na O\u0160 Sti\u010dna ter vsem krajanom, ki se na kakr\u0161en koli na\u010din sre\u010dujete z nami. \u0160ola bo delovala in obstala le, \u010de bo \u017eiva. \u017divo pa jo delajo otroci, star\u0161i, zaposleni in kraj sam.<\/p>\nngg_shortcode_0_placeholder\n<p>&nbsp;<\/p>\n<p style=\"text-align: right;\">Zapisala Maja Sever, vzgojiteljica na P\u0160 Krka,<br \/>\nv \u0161ol.l. 2010\/2011 vodja P\u0160 Krka<\/p>\n<\/div>","protected":false},"excerpt":{"rendered":"<div class=\"page-restrict-output\"><p>Krka se pona\u0161a z mnogimi turisti\u010dnimi zanimivosti, z 200 let staro \u0161olo, od sobote naprej pa \u0161e z novo \u0161olo in vrtcem. 28. maja smo se zbrali ob dru\u017ebenem centru na Krki, da praznujemo. Razlogov za praznovanje pa ni bilo malo; ob\u010dinski praznik, podelitev ob\u010dinskih nagrad, otvoritev \u0161ole in vrtca. Vse se je za\u010delo \u017ee teden dni prej. Krajani so [&#8230;]<\/p>\n<\/div>","protected":false},"author":1,"featured_media":0,"comment_status":"closed","ping_status":"open","sticky":false,"template":"","format":"standard","meta":{"ngg_post_thumbnail":0,"_themeisle_gutenberg_block_has_review":false,"footnotes":""},"categories":[1,6,5],"tags":[],"class_list":["post-3162","post","type-post","status-publish","format-standard","hentry","category-objave","category-predmetna-stopnja","category-razredna-stopnja"],"featured_image_src":null,"featured_image_src_square":null,"author_info":{"display_name":"Gregor","author_link":"https:\/\/www.os-sticna.si\/?author=1"},"_links":{"self":[{"href":"https:\/\/www.os-sticna.si\/index.php?rest_route=\/wp\/v2\/posts\/3162","targetHints":{"allow":["GET"]}}],"collection":[{"href":"https:\/\/www.os-sticna.si\/index.php?rest_route=\/wp\/v2\/posts"}],"about":[{"href":"https:\/\/www.os-sticna.si\/index.php?rest_route=\/wp\/v2\/types\/post"}],"author":[{"embeddable":true,"href":"https:\/\/www.os-sticna.si\/index.php?rest_route=\/wp\/v2\/users\/1"}],"replies":[{"embeddable":true,"href":"https:\/\/www.os-sticna.si\/index.php?rest_route=%2Fwp%2Fv2%2Fcomments&post=3162"}],"version-history":[{"count":5,"href":"https:\/\/www.os-sticna.si\/index.php?rest_route=\/wp\/v2\/posts\/3162\/revisions"}],"predecessor-version":[{"id":3168,"href":"https:\/\/www.os-sticna.si\/index.php?rest_route=\/wp\/v2\/posts\/3162\/revisions\/3168"}],"wp:attachment":[{"href":"https:\/\/www.os-sticna.si\/index.php?rest_route=%2Fwp%2Fv2%2Fmedia&parent=3162"}],"wp:term":[{"taxonomy":"category","embeddable":true,"href":"https:\/\/www.os-sticna.si\/index.php?rest_route=%2Fwp%2Fv2%2Fcategories&post=3162"},{"taxonomy":"post_tag","embeddable":true,"href":"https:\/\/www.os-sticna.si\/index.php?rest_route=%2Fwp%2Fv2%2Ftags&post=3162"}],"curies":[{"name":"wp","href":"https:\/\/api.w.org\/{rel}","templated":true}]}}