{"id":3042,"date":"2011-05-18T08:15:37","date_gmt":"2011-05-18T07:15:37","guid":{"rendered":"http:\/\/193.2.241.104\/?p=3042"},"modified":"2011-05-18T08:17:25","modified_gmt":"2011-05-18T07:17:25","slug":"obisk-razstave-plazilcev","status":"publish","type":"post","link":"https:\/\/www.os-sticna.si\/?p=3042","title":{"rendered":"Obisk razstave plazilcev"},"content":{"rendered":"<div class=\"page-restrict-output\"><p>V sredo, 11. maja 2011, so imeli u\u010denci 5. razreda podru\u017eni\u010dne \u0161ole Vi\u0161nja Gora naravoslovni dan z naslovom Spoznajmo poklic.<\/p>\n<p>Spoznali so poklic oskrbnika \u017eivali (plazilcev). Izvedeli so, da mora\u0161 za ta poklic imeti ogromno znanja o \u017eivalih, za katere skrbi\u0161, saj vsaka potrebuje posebno nego, hranjenje &#8230;<\/p>\n<p>Obenem so si ogledali tudi razstavo plazilcev, nad katero so bili navdu\u0161eni, saj so lahko nekatere plazilce dr\u017eali v roki: anakondo Esmeraldo, velikega pajka in kameleona. Z na\u0161tetimi \u017eivalmi pa so se lahko tudi fotografirali.<\/p>\n<p style=\"text-align: right;\">Ana Zaman<\/p>\n<hr \/ width=\"95% align=\"center\">\n<p>U\u010denci 5. razredov O\u0160 Sti\u010dna so prej\u0161nji teden obiskali razstavo ka\u010d, ku\u0161\u010darjev in pajkov\u00a0 v Grosuplju. Glavni namen razstave, ki jo je zasnoval njen zasebni lastnik Ale\u0161 Mlinar, je, da bi pogosto osovra\u017eene plazilce bolje spoznali, \u010de ne celo vzljubili. U\u010diteljica 5. a razreda Ingrid Bolka je zbrala vtise u\u010dencev, ki ka\u017eejo, da je razstava pri njih dosegla svoj namen &#8230;<\/p>\n<p>\u00bbNajlep\u0161i trenutek je bil, ko sem dr\u017eala pitona in se mi je ta povzpel po vratu, nato pa se spustil po roki. Ob pogledu na ka\u010de me zmrazi, a ne zaradi strahu, pa\u010d pa zaradi ob\u010dudovanja teh \u010dudovitih plazilcev.\u00ab Ana, 5. a<\/p>\n<p>\u00bbV naravi se bom ka\u010d verjetno \u0161e vedno malo bala, vendar je moj strah pred ka\u010dami po tej razstavi veliko manj\u0161i.\u00ab Klara, 5. a<\/p>\n<p>\u00bbNajbolj so mi bili v\u0161e\u010d kameleoni.\u00ab Ur\u0161ka, 5. a<\/p>\n<p>\u00bbPogled na plazilce me je na za\u010detku stra\u0161il. A ugotovila sem, da ka\u010de niso nevarne, \u010de jih ne dra\u017ei\u0161.\u00abKatja, 5. a<\/p>\n<p>\u00bbNe bom pozabila, kako so ka\u010de sikale.\u00ab Eva, 5. a<\/p>\n<p>\u00bbMeni je bil najbolj v\u0161e\u010d \u0161korpijon, ki ni bil agresiven (napadalen), a strupen. Nikoli ne bom pozabil te razstave ter dneva.\u00ab \u017diga, 5. a<\/p>\n<p>\u00bbNa razstavi mi je bilo zelo v\u0161e\u010d to, da smo lahko \u017eivali tudi prijeli. Zelo mi je bil v\u0161e\u010d kameleon. Obna\u0161al se je kot Tarzan. Tudi piton je bil zelo \u00bbkul\u00ab. Premikal se je po\u010dasi, bil je lepih barv. No, na razstavi je bilo super! \u263a\u263a\u00ab Izi, 5. a<\/p>\n<p>\u00bbPrijemali smo nestrupene \u017eivali, sli\u0161ali klopotanje klopota\u010d in se slikali s pitonom.\u00ab Nejc, 5. a<\/p>\n<p>U\u010denci so na razstavi spoznali nekoliko bolj nenavaden hobi Ale\u0161a Mlinarja, ki je prerasel v zahteven poklic, ki zahteva veliko znanja, dela in previdnosti. Zato so mu za\u017eeleli:<\/p>\n<p>&nbsp;<\/p>\n<p>\u00bbAle\u0161u \u017eelim, da bi se \u0161e zmeraj veselil tega hobija\u00ab. Gal, 5. a<\/p>\n<p>\u00bbZbiratelju ka\u010d \u017eelim veliko zdravih, lepih ka\u010d\u00ab. Simona, 5. a<\/p>\n<p>\u00bbZbiratelju ka\u010d \u017eelim, da bi na\u0161el \u010dim ve\u010d vrst ka\u010d, pajkov in \u0161korpijonov in veliko sre\u010de.\u00ab \u017diga, 5. A<\/p>\n<p style=\"text-align: right;\">Branka Emer\u0161i\u010d<\/p>\n<p style=\"text-align: left;\">ngg_shortcode_0_placeholder\n<\/div>","protected":false},"excerpt":{"rendered":"<div class=\"page-restrict-output\"><p>V sredo, 11. maja 2011, so imeli u\u010denci 5. razreda podru\u017eni\u010dne \u0161ole Vi\u0161nja Gora naravoslovni dan z naslovom Spoznajmo poklic. Spoznali so poklic oskrbnika \u017eivali (plazilcev). Izvedeli so, da mora\u0161 za ta poklic imeti ogromno znanja o \u017eivalih, za katere skrbi\u0161, saj vsaka potrebuje posebno nego, hranjenje &#8230; Obenem so si ogledali tudi razstavo plazilcev, nad katero so bili navdu\u0161eni, [&#8230;]<\/p>\n<\/div>","protected":false},"author":1,"featured_media":0,"comment_status":"closed","ping_status":"closed","sticky":false,"template":"","format":"standard","meta":{"ngg_post_thumbnail":0,"_themeisle_gutenberg_block_has_review":false,"footnotes":""},"categories":[1,5],"tags":[48,29],"class_list":["post-3042","post","type-post","status-publish","format-standard","hentry","category-objave","category-razredna-stopnja","tag-maticna-sola","tag-visnja-gora"],"featured_image_src":null,"featured_image_src_square":null,"author_info":{"display_name":"Gregor","author_link":"https:\/\/www.os-sticna.si\/?author=1"},"_links":{"self":[{"href":"https:\/\/www.os-sticna.si\/index.php?rest_route=\/wp\/v2\/posts\/3042","targetHints":{"allow":["GET"]}}],"collection":[{"href":"https:\/\/www.os-sticna.si\/index.php?rest_route=\/wp\/v2\/posts"}],"about":[{"href":"https:\/\/www.os-sticna.si\/index.php?rest_route=\/wp\/v2\/types\/post"}],"author":[{"embeddable":true,"href":"https:\/\/www.os-sticna.si\/index.php?rest_route=\/wp\/v2\/users\/1"}],"replies":[{"embeddable":true,"href":"https:\/\/www.os-sticna.si\/index.php?rest_route=%2Fwp%2Fv2%2Fcomments&post=3042"}],"version-history":[{"count":5,"href":"https:\/\/www.os-sticna.si\/index.php?rest_route=\/wp\/v2\/posts\/3042\/revisions"}],"predecessor-version":[{"id":3047,"href":"https:\/\/www.os-sticna.si\/index.php?rest_route=\/wp\/v2\/posts\/3042\/revisions\/3047"}],"wp:attachment":[{"href":"https:\/\/www.os-sticna.si\/index.php?rest_route=%2Fwp%2Fv2%2Fmedia&parent=3042"}],"wp:term":[{"taxonomy":"category","embeddable":true,"href":"https:\/\/www.os-sticna.si\/index.php?rest_route=%2Fwp%2Fv2%2Fcategories&post=3042"},{"taxonomy":"post_tag","embeddable":true,"href":"https:\/\/www.os-sticna.si\/index.php?rest_route=%2Fwp%2Fv2%2Ftags&post=3042"}],"curies":[{"name":"wp","href":"https:\/\/api.w.org\/{rel}","templated":true}]}}