{"id":2706,"date":"2011-04-20T19:06:27","date_gmt":"2011-04-20T18:06:27","guid":{"rendered":"http:\/\/193.2.241.104\/?p=2706"},"modified":"2011-04-20T19:07:24","modified_gmt":"2011-04-20T18:07:24","slug":"ivankin-sejem","status":"publish","type":"post","link":"https:\/\/www.os-sticna.si\/?p=2706","title":{"rendered":"Ivankin sejem"},"content":{"rendered":"<div class=\"page-restrict-output\"><p><strong>V petek, 15. 4. 2011<\/strong>, smo na\u0161o \u0161olo predstavili na tradicionalnem <strong>Ivankinem sejmu<\/strong>. Obiskovalcem sejma smo pokazali, da se na\u0161a \u0161ola dejavno vklju\u010duje v lokalne pobude in da ji ni tuja skrb za prena\u0161anje kulturne dedi\u0161\u010dine na\u0161ega kraja.\u00a0 Z zanimivimi in lepimi izdelki, kot so <strong>ro\u017ee iz papirja, butarice, pletene ko\u0161arice, lectova srca, vo\u0161\u010dilnice, okrasni pirhi<\/strong> &#8230; so se predstavile podru\u017eni\u010dne \u0161ole Ambrus, Krka, Muljava in Vi\u0161nja Gora. Koordinatorke\u00a0 Tatjana Hren, Mateja Jere Grmek, Barbara Maver, Katarina Pajk in Branka Emer\u0161i\u010d, ki sodelujejo v dvoletnem projektu <strong>Podru\u017eni\u010dna \u0161ola \u2013 gibalo razvoja<\/strong>, so poskrbele, da so si obiskovalci sejma lahko ogledali izdelke, ki so nastali na delavnicah, kjer so svoja znanja na mladi rod prena\u0161ali v raznih obrteh izku\u0161eni krajani. U\u010denci mati\u010dne \u0161ole, ki so vklju\u010deni v <strong>gospodinjski kro\u017eek<\/strong>, ki ga vodi Jo\u017eefa Zajec, pomaga pa Jasna Bajc, pa so obiskovalce navdu\u0161ili s <strong>pra\u0161i\u010dki za sre\u010do<\/strong> in <strong>pletenicami s pirhi<\/strong>. Tudi izku\u0161ene gospodinje so bile za\u010dudene, da je \u017ee mladi rod tako spreten v izdelovanju stare \u0161ege izdelovanja pletenic in so to verjele \u0161ele po ogledu fotografij, ki so prikazovale mlade pri delu. Razveselilo jih je spoznanje, \u00a0da se za prihodnost te spretnosti v na\u0161em kraju ni bati.<\/p>\n<p>Marsikomu pa se je oko ustavilo tudi na izjemno lepih <strong>ro\u017eah iz papirja<\/strong>, ki sta jih naredili u\u010diteljici iz P\u0160 Vi\u0161nja Gora in mati\u010dne \u0161ole. Obe u\u010diteljici sta na \u0161oli to svojo spretnost delili tudi z drugimi. V Vi\u0161nji Gori je u\u010diteljica Ana Zaman v to umetnost in spretnost vpeljala star\u0161e svojih u\u010dencev, u\u010diteljica iz mati\u010dne \u0161ole Zdenka Ograj\u0161ek pa je izvedla delavnico za u\u010ditelje na\u0161e \u0161ole.<\/p>\n<p>Na levi strani na\u0161e \u0161olske stojnice in nekoliko dlje na desni, so svoje izdelke ponujali tudi \u010debelarji, ki so bili navdu\u0161eni nad na\u0161o najbolj vidno dejavnostjo: <strong>delavnico slikanja panjskih kon\u010dnic<\/strong>, ki jo je vodila zunanja sodelavka, slikarka panjskih kon\u010dnic Marija Tratar. Gospo Tratar je k sodelovanju povabila u\u010diteljica <strong>izbirnega predmeta odkrivajmo preteklost na\u0161ega kraja<\/strong> Zlata Kastelic, saj je \u017ee na mati\u010dni \u0161oli organizirala delavnico slikanja panjskih kon\u010dnic. Za Ivankin sejem je izbrala skupinico u\u010dencev, ki je na sejmu zavzeto, pod mentorstvom gospe Tratar, obiskovalce vpeljala v \u017ee skoraj pozabljeno umetnost slikanja panjskih kon\u010dnic.<\/p>\n<p>Na leto\u0161nji Ivankin sejem je pri\u0161lo v primerjavi s prej\u0161njimi leti ve\u010dje \u0161tevilo obiskovalcev, kar ka\u017ee, da se ta tradicija po\u010dasi, a nezadr\u017eno, razvija v na\u0161em kraju. Mnogi obiskovalci so svoje zadovoljstvo in navdu\u0161enje nad na\u0161imi izdelki pokazali tudi z donacijami za \u0161olski sklad, mi pa smo jim v zahvalo podarili pra\u0161i\u010dke za sre\u010do in pletenice.<\/p>\n<p>Tudi letos je poleg sejemske ponudbe dogajanje obogatil tudi pester kulturni program, izstopala pa je tudi atraktivna to\u010dka Turisti\u010dnega dru\u0161tva Ivan\u010dna Gorica, saj so se na sejem pripeljali z vozom lojtrnikom v preprostih narodnih no\u0161ah na\u0161ih krajev in s starodavnim kme\u010dkim orodjem, ki ga danes vidimo le \u0161e v muzejih in etnolo\u0161kih zbirkah.<\/p>\n<p>Upamo, da smo tudi z na\u0161o \u0161olsko stojnico prispevali pester mozaik v celotno podobo sejma in da se naslednje leto zopet sre\u010damo in predstavimo \u0161e bolj \u0161tevil\u010dnim obiskovalcem.<\/p>\nngg_shortcode_0_placeholder\n<p>Branka Emer\u0161i\u010d<\/p>\n<\/div>","protected":false},"excerpt":{"rendered":"<div class=\"page-restrict-output\"><p>V petek, 15. 4. 2011, smo na\u0161o \u0161olo predstavili na tradicionalnem Ivankinem sejmu. Obiskovalcem sejma smo pokazali, da se na\u0161a \u0161ola dejavno vklju\u010duje v lokalne pobude in da ji ni tuja skrb za prena\u0161anje kulturne dedi\u0161\u010dine na\u0161ega kraja.\u00a0 Z zanimivimi in lepimi izdelki, kot so ro\u017ee iz papirja, butarice, pletene ko\u0161arice, lectova srca, vo\u0161\u010dilnice, okrasni pirhi &#8230; so se predstavile [&#8230;]<\/p>\n<\/div>","protected":false},"author":1,"featured_media":0,"comment_status":"closed","ping_status":"open","sticky":false,"template":"","format":"standard","meta":{"ngg_post_thumbnail":0,"_themeisle_gutenberg_block_has_review":false,"footnotes":""},"categories":[1,6,5],"tags":[],"class_list":["post-2706","post","type-post","status-publish","format-standard","hentry","category-objave","category-predmetna-stopnja","category-razredna-stopnja"],"featured_image_src":null,"featured_image_src_square":null,"author_info":{"display_name":"Gregor","author_link":"https:\/\/www.os-sticna.si\/?author=1"},"_links":{"self":[{"href":"https:\/\/www.os-sticna.si\/index.php?rest_route=\/wp\/v2\/posts\/2706","targetHints":{"allow":["GET"]}}],"collection":[{"href":"https:\/\/www.os-sticna.si\/index.php?rest_route=\/wp\/v2\/posts"}],"about":[{"href":"https:\/\/www.os-sticna.si\/index.php?rest_route=\/wp\/v2\/types\/post"}],"author":[{"embeddable":true,"href":"https:\/\/www.os-sticna.si\/index.php?rest_route=\/wp\/v2\/users\/1"}],"replies":[{"embeddable":true,"href":"https:\/\/www.os-sticna.si\/index.php?rest_route=%2Fwp%2Fv2%2Fcomments&post=2706"}],"version-history":[{"count":4,"href":"https:\/\/www.os-sticna.si\/index.php?rest_route=\/wp\/v2\/posts\/2706\/revisions"}],"predecessor-version":[{"id":2710,"href":"https:\/\/www.os-sticna.si\/index.php?rest_route=\/wp\/v2\/posts\/2706\/revisions\/2710"}],"wp:attachment":[{"href":"https:\/\/www.os-sticna.si\/index.php?rest_route=%2Fwp%2Fv2%2Fmedia&parent=2706"}],"wp:term":[{"taxonomy":"category","embeddable":true,"href":"https:\/\/www.os-sticna.si\/index.php?rest_route=%2Fwp%2Fv2%2Fcategories&post=2706"},{"taxonomy":"post_tag","embeddable":true,"href":"https:\/\/www.os-sticna.si\/index.php?rest_route=%2Fwp%2Fv2%2Ftags&post=2706"}],"curies":[{"name":"wp","href":"https:\/\/api.w.org\/{rel}","templated":true}]}}