{"id":2651,"date":"2011-04-17T11:46:42","date_gmt":"2011-04-17T10:46:42","guid":{"rendered":"http:\/\/193.2.241.104\/?p=2651"},"modified":"2011-04-19T18:04:56","modified_gmt":"2011-04-19T17:04:56","slug":"zbiralna-akcija-papirja-2","status":"publish","type":"post","link":"https:\/\/www.os-sticna.si\/?p=2651","title":{"rendered":"Zbiralna akcija papirja &#8211; poro\u010dilo"},"content":{"rendered":"<div class=\"page-restrict-output\"><h2 style=\"text-align: left;\"><a href=\"http:\/\/193.2.241.104\/wp-content\/uploads\/2011\/04\/bodi-eko.jpg\" rel=\"lightbox[2651]\"><img decoding=\"async\" class=\"alignright size-thumbnail wp-image-2696\" title=\"bodi eko\" src=\"http:\/\/193.2.241.104\/wp-content\/uploads\/2011\/04\/bodi-eko-160x120.jpg\" alt=\"\" width=\"160\" height=\"120\" \/><\/a>V ponedeljek 11. 4. in torek 12.4. 2011 je potekala spomladanska zbiralna akcija papirja.<\/h2>\n<p style=\"text-align: left;\">Papir smo zbirali na plo\u0161\u010dadi za O\u0160 Sti\u010dna.\u00a0 Sodelovali so vsi razredi in zbrali dobrih <strong><span style=\"color: #ff0000;\">28 ton.<\/span><\/strong> Pogledate si lahko prikaz zbiralne akcije v <a href=\"http:\/\/193.2.241.104\/wp-content\/uploads\/2011\/04\/GRAFIKON.pdf\">grafikonu<\/a>, najte\u017ejih deset\u00a0<a href=\"http:\/\/193.2.241.104\/wp-content\/uploads\/2011\/04\/najtezjih_10_2011.pdf\">u\u010dencev<\/a> in najte\u017ejih deset <a href=\"http:\/\/193.2.241.104\/wp-content\/uploads\/2011\/04\/najtezji_razredi_11.pdf\">razredov.<\/a><\/p>\n<p><a href=\"http:\/\/193.2.241.104\/wp-content\/uploads\/2011\/04\/209.jpg\" rel=\"lightbox[2651]\"><img decoding=\"async\" class=\"size-thumbnail wp-image-2666 alignleft\" title=\"209\" src=\"http:\/\/193.2.241.104\/wp-content\/uploads\/2011\/04\/209-160x120.jpg\" alt=\"\" width=\"160\" height=\"120\" srcset=\"https:\/\/www.os-sticna.si\/wp-content\/uploads\/2011\/04\/209-160x120.jpg 160w, https:\/\/www.os-sticna.si\/wp-content\/uploads\/2011\/04\/209-320x240.jpg 320w, https:\/\/www.os-sticna.si\/wp-content\/uploads\/2011\/04\/209-800x600.jpg 800w\" sizes=\"(max-width: 160px) 100vw, 160px\" \/><\/a> <a href=\"http:\/\/193.2.241.104\/wp-content\/uploads\/2011\/04\/204.jpg\" rel=\"lightbox[2651]\"><img decoding=\"async\" class=\"size-thumbnail wp-image-2667 alignleft\" title=\"204\" src=\"http:\/\/193.2.241.104\/wp-content\/uploads\/2011\/04\/204-160x120.jpg\" alt=\"\" width=\"160\" height=\"120\" srcset=\"https:\/\/www.os-sticna.si\/wp-content\/uploads\/2011\/04\/204-160x120.jpg 160w, https:\/\/www.os-sticna.si\/wp-content\/uploads\/2011\/04\/204-320x240.jpg 320w, https:\/\/www.os-sticna.si\/wp-content\/uploads\/2011\/04\/204-800x600.jpg 800w\" sizes=\"(max-width: 160px) 100vw, 160px\" \/><\/a><\/p>\n<p>&nbsp;<\/p>\n<p>&nbsp;<\/p>\n<p style=\"text-align: left;\">&nbsp;<\/p>\n<p style=\"text-align: left;\">&nbsp;<\/p>\n<h2 style=\"text-align: left;\">V sredo 13.4. in \u010detrtek 14.4. 2011 pa smo zbirali papir na podru\u017eni\u010dni \u0161oli Vi\u0161nja Gora.<\/h2>\n<p style=\"text-align: left;\">Zbrali smo dobre\u00a0 <strong><span style=\"color: #ff0000;\">7,5 tone<\/span><\/strong>. Podrobne rezultate si lahko ogledate tukaj: <a href=\"http:\/\/193.2.241.104\/wp-content\/uploads\/2011\/04\/Graf_najte\u017eji_VG.pdf\">Grafikon, najte\u017eji razredi in najte\u017eji u\u010denci. <\/a><\/p>\n<p><a href=\"http:\/\/193.2.241.104\/wp-content\/uploads\/2011\/04\/papir.jpg\" rel=\"lightbox[2651]\"><img loading=\"lazy\" decoding=\"async\" class=\"size-thumbnail wp-image-2697 aligncenter\" title=\"papir\" src=\"http:\/\/193.2.241.104\/wp-content\/uploads\/2011\/04\/papir-160x120.jpg\" alt=\"\" width=\"160\" height=\"120\" \/><\/a><\/p>\n<p style=\"text-align: left;\">Vsem se za trud zahvaljujemo! Zmagovalnemu razredu, star\u0161em, u\u010dencem in u\u010diteljem, ki ste sodelovali, <strong>ISKRENO \u010cESTITAMO<\/strong>! Kot \u017ee vsako leto doslej, bo \u0161el zbrani denar v \u0161olski sklad. <strong><span style=\"color: #00ff00;\"> <\/span><\/strong><\/p>\n<p style=\"text-align: left;\"><strong><span style=\"color: #00ff00;\">BODITE EKO!<\/span><\/strong><\/p>\n<p style=\"text-align: left;\">&nbsp;<\/p>\n<p>&nbsp;<\/p>\n<p><strong>Koordinatorke: <\/strong><\/p>\n<p>na O\u0160 STI\u010cNA &#8211; M\u0160: Jo\u017eica Knez, prof., Barbara Pavovec prof.,<\/p>\n<p>na O\u0160 STI\u010cNA &#8211; P\u0160 VI\u0160NJA GORA:\u00a0 Danica Rus, prof.<\/p>\n<\/div>","protected":false},"excerpt":{"rendered":"<div class=\"page-restrict-output\"><p>V ponedeljek 11. 4. in torek 12.4. 2011 je potekala spomladanska zbiralna akcija papirja. Papir smo zbirali na plo\u0161\u010dadi za O\u0160 Sti\u010dna.\u00a0 Sodelovali so vsi razredi in zbrali dobrih 28 ton. Pogledate si lahko prikaz zbiralne akcije v grafikonu, najte\u017ejih deset\u00a0u\u010dencev in najte\u017ejih deset razredov. &nbsp; &nbsp; &nbsp; &nbsp; V sredo 13.4. in \u010detrtek 14.4. 2011 pa smo zbirali papir [&#8230;]<\/p>\n<\/div>","protected":false},"author":25,"featured_media":0,"comment_status":"closed","ping_status":"closed","sticky":false,"template":"","format":"standard","meta":{"ngg_post_thumbnail":0,"_themeisle_gutenberg_block_has_review":false,"footnotes":""},"categories":[1,6,5],"tags":[],"class_list":["post-2651","post","type-post","status-publish","format-standard","hentry","category-objave","category-predmetna-stopnja","category-razredna-stopnja"],"featured_image_src":null,"featured_image_src_square":null,"author_info":{"display_name":"Pisec","author_link":"https:\/\/www.os-sticna.si\/?author=25"},"_links":{"self":[{"href":"https:\/\/www.os-sticna.si\/index.php?rest_route=\/wp\/v2\/posts\/2651","targetHints":{"allow":["GET"]}}],"collection":[{"href":"https:\/\/www.os-sticna.si\/index.php?rest_route=\/wp\/v2\/posts"}],"about":[{"href":"https:\/\/www.os-sticna.si\/index.php?rest_route=\/wp\/v2\/types\/post"}],"author":[{"embeddable":true,"href":"https:\/\/www.os-sticna.si\/index.php?rest_route=\/wp\/v2\/users\/25"}],"replies":[{"embeddable":true,"href":"https:\/\/www.os-sticna.si\/index.php?rest_route=%2Fwp%2Fv2%2Fcomments&post=2651"}],"version-history":[{"count":19,"href":"https:\/\/www.os-sticna.si\/index.php?rest_route=\/wp\/v2\/posts\/2651\/revisions"}],"predecessor-version":[{"id":2694,"href":"https:\/\/www.os-sticna.si\/index.php?rest_route=\/wp\/v2\/posts\/2651\/revisions\/2694"}],"wp:attachment":[{"href":"https:\/\/www.os-sticna.si\/index.php?rest_route=%2Fwp%2Fv2%2Fmedia&parent=2651"}],"wp:term":[{"taxonomy":"category","embeddable":true,"href":"https:\/\/www.os-sticna.si\/index.php?rest_route=%2Fwp%2Fv2%2Fcategories&post=2651"},{"taxonomy":"post_tag","embeddable":true,"href":"https:\/\/www.os-sticna.si\/index.php?rest_route=%2Fwp%2Fv2%2Ftags&post=2651"}],"curies":[{"name":"wp","href":"https:\/\/api.w.org\/{rel}","templated":true}]}}