{"id":2641,"date":"2011-04-15T09:26:23","date_gmt":"2011-04-15T08:26:23","guid":{"rendered":"http:\/\/193.2.241.104\/?p=2641"},"modified":"2011-04-15T09:26:23","modified_gmt":"2011-04-15T08:26:23","slug":"sportni-dan-na-krki","status":"publish","type":"post","link":"https:\/\/www.os-sticna.si\/?p=2641","title":{"rendered":"\u0160portni dan na Krki"},"content":{"rendered":"<div class=\"page-restrict-output\"><p>&nbsp;<\/p>\n<p>V sredo, 30. 3. 2011, so u\u010denci 4. razredov O\u0160 Sti\u010dna imeli \u0161portni dan na Krki.<\/p>\n<p>U\u010diteljice in u\u010denci so nas lepo sprejeli v svoji stari, a kljub svojim letom, zelo doma\u010di, \u0161oli na P\u0160 Krka. Uprizorili so \u0161olanje pred 100 leti, ko so u\u010denci \u0161e pe\u0161 hodili v \u0161olo iz okoli\u0161kih krajev, mnogo bolj skromno oble\u010deni kot danes. Imeli so strogega u\u010ditelja, ki jih je u\u010dil brati, pisati, in jih je opremil z znanjem, ki so ga potrebovali za svoje vsakodnevno \u017eivljenje.<\/p>\n<p>Po resni\u010dno \u010dudoviti uprizoritvi smo se odpravili pe\u0161 proti Gradi\u010dku &#8211; vasi, kjer je neko\u010d stal grad. Skozi gozd smo hodili proti izviru Krke. Ves \u010das so nas u\u010denci s P\u0160 Krka in u\u010diteljica Mateja Jere Grmek vodili po poti in nas bogatili z znanjem, povezanim s kraji, skozi katere smo hodili. Imeli smo lepo vreme, za dobro voljo pa smo poskrbeli kar sami.<\/p>\n<p style=\"text-align: right;\">U\u010diteljice Jo\u017eica Jevnikar, Nina Kump, Tanja \u010crnivec,<br \/>\nMaja Razpotnik, Nadja Jankovi\u010d Fortuna, Bojana Mulh, Laura Ambro\u017ei\u010d.<\/p>\n<table border=\"0\" cellspacing=\"1\" width=\"480\" align=\"center\">\n<tbody>\n<tr>\n<td><a href=\"http:\/\/193.2.241.104\/wp-content\/uploads\/2011\/04\/sportni_dan_krka_4r_1.jpg\" rel=\"lightbox[2641]\"><img decoding=\"async\" class=\"aligncenter size-thumbnail wp-image-2643\" title=\"sportni_dan_krka_4r_1\" src=\"http:\/\/193.2.241.104\/wp-content\/uploads\/2011\/04\/sportni_dan_krka_4r_1-160x120.jpg\" alt=\"\" width=\"160\" height=\"120\" srcset=\"https:\/\/www.os-sticna.si\/wp-content\/uploads\/2011\/04\/sportni_dan_krka_4r_1-160x120.jpg 160w, https:\/\/www.os-sticna.si\/wp-content\/uploads\/2011\/04\/sportni_dan_krka_4r_1-320x240.jpg 320w, https:\/\/www.os-sticna.si\/wp-content\/uploads\/2011\/04\/sportni_dan_krka_4r_1.jpg 800w\" sizes=\"(max-width: 160px) 100vw, 160px\" \/><\/a><\/td>\n<td><a href=\"http:\/\/193.2.241.104\/wp-content\/uploads\/2011\/04\/sportni_dan_krka_4r_2.jpg\" rel=\"lightbox[2641]\"><img decoding=\"async\" class=\"aligncenter size-thumbnail wp-image-2644\" title=\"sportni_dan_krka_4r_2\" src=\"http:\/\/193.2.241.104\/wp-content\/uploads\/2011\/04\/sportni_dan_krka_4r_2-160x120.jpg\" alt=\"\" width=\"160\" height=\"120\" srcset=\"https:\/\/www.os-sticna.si\/wp-content\/uploads\/2011\/04\/sportni_dan_krka_4r_2-160x120.jpg 160w, https:\/\/www.os-sticna.si\/wp-content\/uploads\/2011\/04\/sportni_dan_krka_4r_2-320x240.jpg 320w, https:\/\/www.os-sticna.si\/wp-content\/uploads\/2011\/04\/sportni_dan_krka_4r_2.jpg 800w\" sizes=\"(max-width: 160px) 100vw, 160px\" \/><\/a><\/td>\n<td><a href=\"http:\/\/193.2.241.104\/wp-content\/uploads\/2011\/04\/sportni_dan_krka_4r_3.jpg\" rel=\"lightbox[2641]\"><img decoding=\"async\" class=\"aligncenter size-thumbnail wp-image-2645\" title=\"sportni_dan_krka_4r_3\" src=\"http:\/\/193.2.241.104\/wp-content\/uploads\/2011\/04\/sportni_dan_krka_4r_3-160x120.jpg\" alt=\"\" width=\"160\" height=\"120\" srcset=\"https:\/\/www.os-sticna.si\/wp-content\/uploads\/2011\/04\/sportni_dan_krka_4r_3-160x120.jpg 160w, https:\/\/www.os-sticna.si\/wp-content\/uploads\/2011\/04\/sportni_dan_krka_4r_3-320x240.jpg 320w, https:\/\/www.os-sticna.si\/wp-content\/uploads\/2011\/04\/sportni_dan_krka_4r_3.jpg 800w\" sizes=\"(max-width: 160px) 100vw, 160px\" \/><\/a><\/td>\n<\/tr>\n<tr>\n<td><a href=\"http:\/\/193.2.241.104\/wp-content\/uploads\/2011\/04\/sportni_dan_krka_4r_4.jpg\" rel=\"lightbox[2641]\"><img loading=\"lazy\" decoding=\"async\" class=\"aligncenter size-thumbnail wp-image-2646\" title=\"sportni_dan_krka_4r_4\" src=\"http:\/\/193.2.241.104\/wp-content\/uploads\/2011\/04\/sportni_dan_krka_4r_4-160x120.jpg\" alt=\"\" width=\"160\" height=\"120\" srcset=\"https:\/\/www.os-sticna.si\/wp-content\/uploads\/2011\/04\/sportni_dan_krka_4r_4-160x120.jpg 160w, https:\/\/www.os-sticna.si\/wp-content\/uploads\/2011\/04\/sportni_dan_krka_4r_4-320x240.jpg 320w, https:\/\/www.os-sticna.si\/wp-content\/uploads\/2011\/04\/sportni_dan_krka_4r_4.jpg 800w\" sizes=\"(max-width: 160px) 100vw, 160px\" \/><\/a><\/td>\n<td><a href=\"http:\/\/193.2.241.104\/wp-content\/uploads\/2011\/04\/sportni_dan_krka_4r_5.jpg\" rel=\"lightbox[2641]\"><img loading=\"lazy\" decoding=\"async\" class=\"aligncenter size-thumbnail wp-image-2647\" title=\"sportni_dan_krka_4r_5\" src=\"http:\/\/193.2.241.104\/wp-content\/uploads\/2011\/04\/sportni_dan_krka_4r_5-160x120.jpg\" alt=\"\" width=\"160\" height=\"120\" srcset=\"https:\/\/www.os-sticna.si\/wp-content\/uploads\/2011\/04\/sportni_dan_krka_4r_5-160x120.jpg 160w, https:\/\/www.os-sticna.si\/wp-content\/uploads\/2011\/04\/sportni_dan_krka_4r_5-320x240.jpg 320w, https:\/\/www.os-sticna.si\/wp-content\/uploads\/2011\/04\/sportni_dan_krka_4r_5.jpg 800w\" sizes=\"(max-width: 160px) 100vw, 160px\" \/><\/a><\/td>\n<td><a href=\"http:\/\/193.2.241.104\/wp-content\/uploads\/2011\/04\/sportni_dan_krka_4r_6.jpg\" rel=\"lightbox[2641]\"><img loading=\"lazy\" decoding=\"async\" class=\"aligncenter size-thumbnail wp-image-2648\" title=\"sportni_dan_krka_4r_6\" src=\"http:\/\/193.2.241.104\/wp-content\/uploads\/2011\/04\/sportni_dan_krka_4r_6-160x120.jpg\" alt=\"\" width=\"160\" height=\"120\" \/><\/a><\/td>\n<\/tr>\n<\/tbody>\n<\/table>\n<\/div>","protected":false},"excerpt":{"rendered":"<div class=\"page-restrict-output\"><p>&nbsp; V sredo, 30. 3. 2011, so u\u010denci 4. razredov O\u0160 Sti\u010dna imeli \u0161portni dan na Krki. U\u010diteljice in u\u010denci so nas lepo sprejeli v svoji stari, a kljub svojim letom, zelo doma\u010di, \u0161oli na P\u0160 Krka. Uprizorili so \u0161olanje pred 100 leti, ko so u\u010denci \u0161e pe\u0161 hodili v \u0161olo iz okoli\u0161kih krajev, mnogo bolj skromno oble\u010deni kot danes. [&#8230;]<\/p>\n<\/div>","protected":false},"author":1,"featured_media":0,"comment_status":"closed","ping_status":"open","sticky":false,"template":"","format":"standard","meta":{"ngg_post_thumbnail":0,"_themeisle_gutenberg_block_has_review":false,"footnotes":""},"categories":[1],"tags":[27,87,32,18,9],"class_list":["post-2641","post","type-post","status-publish","format-standard","hentry","category-objave","tag-ambrus","tag-krka","tag-muljava","tag-sticna","tag-zagradec"],"featured_image_src":null,"featured_image_src_square":null,"author_info":{"display_name":"Gregor","author_link":"https:\/\/www.os-sticna.si\/?author=1"},"_links":{"self":[{"href":"https:\/\/www.os-sticna.si\/index.php?rest_route=\/wp\/v2\/posts\/2641","targetHints":{"allow":["GET"]}}],"collection":[{"href":"https:\/\/www.os-sticna.si\/index.php?rest_route=\/wp\/v2\/posts"}],"about":[{"href":"https:\/\/www.os-sticna.si\/index.php?rest_route=\/wp\/v2\/types\/post"}],"author":[{"embeddable":true,"href":"https:\/\/www.os-sticna.si\/index.php?rest_route=\/wp\/v2\/users\/1"}],"replies":[{"embeddable":true,"href":"https:\/\/www.os-sticna.si\/index.php?rest_route=%2Fwp%2Fv2%2Fcomments&post=2641"}],"version-history":[{"count":2,"href":"https:\/\/www.os-sticna.si\/index.php?rest_route=\/wp\/v2\/posts\/2641\/revisions"}],"predecessor-version":[{"id":2649,"href":"https:\/\/www.os-sticna.si\/index.php?rest_route=\/wp\/v2\/posts\/2641\/revisions\/2649"}],"wp:attachment":[{"href":"https:\/\/www.os-sticna.si\/index.php?rest_route=%2Fwp%2Fv2%2Fmedia&parent=2641"}],"wp:term":[{"taxonomy":"category","embeddable":true,"href":"https:\/\/www.os-sticna.si\/index.php?rest_route=%2Fwp%2Fv2%2Fcategories&post=2641"},{"taxonomy":"post_tag","embeddable":true,"href":"https:\/\/www.os-sticna.si\/index.php?rest_route=%2Fwp%2Fv2%2Ftags&post=2641"}],"curies":[{"name":"wp","href":"https:\/\/api.w.org\/{rel}","templated":true}]}}