{"id":2606,"date":"2011-04-11T11:32:48","date_gmt":"2011-04-11T10:32:48","guid":{"rendered":"http:\/\/193.2.241.104\/?p=2606"},"modified":"2011-04-12T07:11:58","modified_gmt":"2011-04-12T06:11:58","slug":"100-let-solstva-na-muljavi-2","status":"publish","type":"post","link":"https:\/\/www.os-sticna.si\/?p=2606","title":{"rendered":"100 let \u0161olstva na Muljavi"},"content":{"rendered":"<div class=\"page-restrict-output\"><p>V \u010detrtek, 17. 3. 2011, so zastave na P\u0160 Muljava \u017ee zgodaj zjutraj ponosno plapolale v vetru.<\/p>\n<p>U\u010diteljice so resne hitele po \u0161olskih hodnikih in ves \u010das nekaj prena\u0161ale. Otroci so bili malo nestrpni in zaskrbljeni. \u00a0Zakaj? Zadnji mesec so se skrbno \u00a0pripravljali na prireditev v po\u010dastitev sto let \u0161olstva na Muljavi. Skrbelo jih je, \u010de bodo besedilo znali, \u010de bodo natan\u010dno zadeli intonacijo za \u0161tevilne pesmice, ki jih bodo zapeli, \u010de se jim bodo koraki na odru pravilno ujeli, \u010de bodo lahko govorili na mikrofon, \u010de jih bodo pri\u0161li gledat star\u0161i, \u010de\u2026<\/p>\n<p>Ob 16. 30 so bila parkiri\u0161\u010da na Muljavi \u017ee skoraj vsa polna. \u0160tevilni gostje so klepetali pred kulturnim domom in prepoznavali stare znance, sre\u010devali so se nekdanji so\u0161olci in \u0161teli leta, ki so minila kar so se nazadnje sre\u010dali, pri\u0161li so \u0161tevilni u\u010ditelji in v finih gospodih in urejenih damah prepoznavali u\u010dence in u\u010denci u\u010ditelje. Prehitro je bila ura 17. 00\u00a0 in \u00a0na oder so pri\u0161li u\u010denci P\u0160 Muljava in s slovensko himno za\u010deli program. U\u010denci so prireditev vzeli v svoje roke, saj so sami\u00a0 povezovali in nastopali. Prikazali so nam del\u010dke \u017eivljenja v \u0161oli in na vasi neko\u010d , \u017eivljenje danes, ko je ra\u010dunalnik in internetna povezava nekaj vsakdanjega.<\/p>\n<p>Po prireditvi so se novi in stari znanci ob prijetnem klepetu sprehodili po Muljavi in se mimo bakel, ki so prijazno vabile,\u00a0 podali v \u0161olo. Tu\u00a0 so u\u010denci uredili razrede in z u\u010diteljicami pripravili razstavo predmetov, ki so jih na\u0161i predniki uporabljali v preteklih sto letih v \u0161oli, pa tudi doma. Marsikateri predmet je\u00a0 obiskovalcem zbudil del\u010dek nostalgije, mu prebudil spomin na prijetne in zanimive dogodke iz \u0161olskih dni. Po ogledu razstave in videoprojekcij, ob listanju\u00a0 publikacije, ki je bila izdana v po\u010dastitev stoletnice \u0161olstva na Muljavi, so se razvili zanimivi pogovori in dogovori za ponovno sre\u010danje. Ob prigrizkih in raznovrstnih sladkih dobrotah, ki so jih skrbno pripravili star\u0161i u\u010dencev, je \u010das prehitro mineval.<\/p>\n<p>U\u010denci, utrujeni od priprav in sre\u010dni, da so program lepo predstavili gostom, so ponosno pihnili sve\u010dko na torti velikanki za prvo stoletje \u0161olstva na Muljavi in si v mislih marsikaj za\u017eeleli.<\/p>\n<p>Vsi, ki smo praznovanje pripravljali, jim \u017eelimo, da bi se jim \u010dim ve\u010d \u017eelja izpolnilo.<\/p>\n<p>Ob koncu.<\/p>\n<p>Hvala \u0161oli Sti\u010dna in vsem prizadevnim u\u010diteljem in delavcem v kuhinji, knji\u017enici in pisarnah, hvala krajanom, ki so prispevali svoje spomine in gradiva za publikacijo in razstavo, hvala urednikom in uredni\u0161kemu odboru za bogato vsebino \u00bbknji\u017eice\u00ab, hvala star\u0161em za razumevanje in pecivo, hvala zunanjim sodelavcem, ki so nam pomagali pri postavitvi razstave in izvedbi prireditve, snemanju, \u00a0hvala podjetju Bomax, da so bili na\u0161i u\u010denci son\u010dki, hvala cvetli\u010darni Tamiflor, vsem hvala.<\/p>\n<p>Zahvalo izrekamo tudi govornikom : gospodu Marjanu Potokarju, ravnatelju O\u0160 Sti\u010dna, gospodu Borisu Zupan\u010di\u010du, vodju sektorja za osnovno \u0161olstvo z Ministrstva za \u0161olstvo in \u0161port, gospodu Du\u0161anu Strnadu, \u017eupanu Ob\u010dine Ivan\u010dna Gorica in gospodu Jerneju Lampretu, dolgoletnemu \u017eupanu, krajanu in dr\u017eavnemu svetniku, za prijetne in vzpodbudne besede.<\/p>\n<p>Hvala vsem, ki ste nam pomagali,\u00a0 da je bilo\u00a0 praznovanje prijetno. Veliko nam pomenijo besede zapisane v knjigo vtisov: \u00bbPonosen sem, da sem Muljavc.\u00ab<\/p>\n<p>Spodaj si lahko ogledate nekaj utrinkov&#8230;<\/p>\n<p><strong>Priprave na prireditev in razstavo<\/strong><\/p>\nngg_shortcode_0_placeholder\n<p><strong>Prireditev in razstava ob 100- letnici \u0161olstva na Muljavi<\/strong><\/p>\nngg_shortcode_1_placeholder\n<p style=\"text-align: right;\">Antonija Sever z u\u010denci<br \/>\nin u\u010ditelji P\u0160 Muljava<\/p>\n<\/div>","protected":false},"excerpt":{"rendered":"<div class=\"page-restrict-output\"><p>V \u010detrtek, 17. 3. 2011, so zastave na P\u0160 Muljava \u017ee zgodaj zjutraj ponosno plapolale v vetru. U\u010diteljice so resne hitele po \u0161olskih hodnikih in ves \u010das nekaj prena\u0161ale. Otroci so bili malo nestrpni in zaskrbljeni. \u00a0Zakaj? Zadnji mesec so se skrbno \u00a0pripravljali na prireditev v po\u010dastitev sto let \u0161olstva na Muljavi. Skrbelo jih je, \u010de bodo besedilo znali, \u010de [&#8230;]<\/p>\n<\/div>","protected":false},"author":4,"featured_media":0,"comment_status":"closed","ping_status":"closed","sticky":false,"template":"","format":"standard","meta":{"ngg_post_thumbnail":0,"_themeisle_gutenberg_block_has_review":false,"footnotes":""},"categories":[1],"tags":[],"class_list":["post-2606","post","type-post","status-publish","format-standard","hentry","category-objave"],"featured_image_src":null,"featured_image_src_square":null,"author_info":{"display_name":"Gregor","author_link":"https:\/\/www.os-sticna.si\/?author=4"},"_links":{"self":[{"href":"https:\/\/www.os-sticna.si\/index.php?rest_route=\/wp\/v2\/posts\/2606","targetHints":{"allow":["GET"]}}],"collection":[{"href":"https:\/\/www.os-sticna.si\/index.php?rest_route=\/wp\/v2\/posts"}],"about":[{"href":"https:\/\/www.os-sticna.si\/index.php?rest_route=\/wp\/v2\/types\/post"}],"author":[{"embeddable":true,"href":"https:\/\/www.os-sticna.si\/index.php?rest_route=\/wp\/v2\/users\/4"}],"replies":[{"embeddable":true,"href":"https:\/\/www.os-sticna.si\/index.php?rest_route=%2Fwp%2Fv2%2Fcomments&post=2606"}],"version-history":[{"count":12,"href":"https:\/\/www.os-sticna.si\/index.php?rest_route=\/wp\/v2\/posts\/2606\/revisions"}],"predecessor-version":[{"id":2610,"href":"https:\/\/www.os-sticna.si\/index.php?rest_route=\/wp\/v2\/posts\/2606\/revisions\/2610"}],"wp:attachment":[{"href":"https:\/\/www.os-sticna.si\/index.php?rest_route=%2Fwp%2Fv2%2Fmedia&parent=2606"}],"wp:term":[{"taxonomy":"category","embeddable":true,"href":"https:\/\/www.os-sticna.si\/index.php?rest_route=%2Fwp%2Fv2%2Fcategories&post=2606"},{"taxonomy":"post_tag","embeddable":true,"href":"https:\/\/www.os-sticna.si\/index.php?rest_route=%2Fwp%2Fv2%2Ftags&post=2606"}],"curies":[{"name":"wp","href":"https:\/\/api.w.org\/{rel}","templated":true}]}}