{"id":2586,"date":"2011-04-06T07:23:38","date_gmt":"2011-04-06T06:23:38","guid":{"rendered":"http:\/\/193.2.241.104\/?p=2586"},"modified":"2011-04-06T07:23:38","modified_gmt":"2011-04-06T06:23:38","slug":"materinski-dan-na-ps-zagradec-2","status":"publish","type":"post","link":"https:\/\/www.os-sticna.si\/?p=2586","title":{"rendered":"Materinski dan na P\u0160 Zagradec"},"content":{"rendered":"<div class=\"page-restrict-output\"><p>V mesecu marcu organiziramo na podru\u017eni\u010dni \u0161oli Zagradec prireditev, ki jo posvetimo dru\u017eini. V\u00a0 recitacijah, pravljicah, s pesmijo in plesom se zahvalimo star\u0161em za njihovo ljubezen in skrb, ki jo imajo s svojimi otroki.\u00a0 Pretekle\u00a0 dni so u\u010denci pri pouku in v podalj\u0161anem bivanju izdelali spominke za vse mame,\u00a0 pisali spise o o\u010detih, slikali na temo dru\u017eine. Vadili so plese in deklamacije, vzdu\u0161je na \u0161oli je bilo delavno in v pri\u010dakovanju prireditve. Star\u0161i nas s svojim obiskom vedno razveselite in tudi letos je bilo tako. Kako malo je treba (eno uro \u010dasa), za tako veliko delo, ki je vredno ve\u010d, kot \u0161tevilni kro\u017eki, v katere vozijo star\u0161i svoje otroke. Pomembno je, da ste\u00a0 prisotni, \u00a0ko jih je strah pred nastopom in da se veselite z njimi uspeha. S tem tudi podpirate delo \u0161ole in prepre\u010dite \u0161tevilne probleme, ki se \u0161irijo v na\u0161i dru\u017ebi. Zahvaljujemo\u00a0 se vsem za udele\u017ebo in vam \u017eelimo veliko \u00a0\u00a0uspeha pri vzgoji svojih otrok.<\/p>\nngg_shortcode_0_placeholder\n<p style=\"text-align: right;\">S. Nahtigal<\/p>\n<\/div>","protected":false},"excerpt":{"rendered":"<div class=\"page-restrict-output\"><p>V mesecu marcu organiziramo na podru\u017eni\u010dni \u0161oli Zagradec prireditev, ki jo posvetimo dru\u017eini. V\u00a0 recitacijah, pravljicah, s pesmijo in plesom se zahvalimo star\u0161em za njihovo ljubezen in skrb, ki jo imajo s svojimi otroki.\u00a0 Pretekle\u00a0 dni so u\u010denci pri pouku in v podalj\u0161anem bivanju izdelali spominke za vse mame,\u00a0 pisali spise o o\u010detih, slikali na temo dru\u017eine. Vadili so plese [&#8230;]<\/p>\n<\/div>","protected":false},"author":1,"featured_media":0,"comment_status":"closed","ping_status":"open","sticky":false,"template":"","format":"standard","meta":{"ngg_post_thumbnail":0,"_themeisle_gutenberg_block_has_review":false,"footnotes":""},"categories":[1,5],"tags":[],"class_list":["post-2586","post","type-post","status-publish","format-standard","hentry","category-objave","category-razredna-stopnja"],"featured_image_src":null,"featured_image_src_square":null,"author_info":{"display_name":"Gregor","author_link":"https:\/\/www.os-sticna.si\/?author=1"},"_links":{"self":[{"href":"https:\/\/www.os-sticna.si\/index.php?rest_route=\/wp\/v2\/posts\/2586","targetHints":{"allow":["GET"]}}],"collection":[{"href":"https:\/\/www.os-sticna.si\/index.php?rest_route=\/wp\/v2\/posts"}],"about":[{"href":"https:\/\/www.os-sticna.si\/index.php?rest_route=\/wp\/v2\/types\/post"}],"author":[{"embeddable":true,"href":"https:\/\/www.os-sticna.si\/index.php?rest_route=\/wp\/v2\/users\/1"}],"replies":[{"embeddable":true,"href":"https:\/\/www.os-sticna.si\/index.php?rest_route=%2Fwp%2Fv2%2Fcomments&post=2586"}],"version-history":[{"count":1,"href":"https:\/\/www.os-sticna.si\/index.php?rest_route=\/wp\/v2\/posts\/2586\/revisions"}],"predecessor-version":[{"id":2587,"href":"https:\/\/www.os-sticna.si\/index.php?rest_route=\/wp\/v2\/posts\/2586\/revisions\/2587"}],"wp:attachment":[{"href":"https:\/\/www.os-sticna.si\/index.php?rest_route=%2Fwp%2Fv2%2Fmedia&parent=2586"}],"wp:term":[{"taxonomy":"category","embeddable":true,"href":"https:\/\/www.os-sticna.si\/index.php?rest_route=%2Fwp%2Fv2%2Fcategories&post=2586"},{"taxonomy":"post_tag","embeddable":true,"href":"https:\/\/www.os-sticna.si\/index.php?rest_route=%2Fwp%2Fv2%2Ftags&post=2586"}],"curies":[{"name":"wp","href":"https:\/\/api.w.org\/{rel}","templated":true}]}}