{"id":2557,"date":"2011-04-01T09:40:35","date_gmt":"2011-04-01T08:40:35","guid":{"rendered":"http:\/\/193.2.241.104\/?p=2557"},"modified":"2011-04-01T09:40:50","modified_gmt":"2011-04-01T08:40:50","slug":"razveselili-smo-svoje-mame","status":"publish","type":"post","link":"https:\/\/www.os-sticna.si\/?p=2557","title":{"rendered":"Razveselili smo svoje mame"},"content":{"rendered":"<div class=\"page-restrict-output\"><p><cite><strong>Sr\u010dek vro\u010d imam,<br \/>\nkomu naj ga dam?<br \/>\nTebi, draga mama,<br \/>\nker te rad imam.<\/strong><\/cite><\/p>\n<table border=\"0\" cellspacing=\"1\" width=\"320\" align=\"center\">\n<tbody>\n<tr>\n<td><a href=\"http:\/\/193.2.241.104\/wp-content\/uploads\/2011\/04\/mat_day_1_r_11_1.jpg\" rel=\"lightbox[2557]\"><img decoding=\"async\" class=\"alignleft size-thumbnail wp-image-2558\" title=\"mat_day_1_r_11_1\" src=\"http:\/\/193.2.241.104\/wp-content\/uploads\/2011\/04\/mat_day_1_r_11_1-160x120.jpg\" alt=\"\" width=\"160\" height=\"120\" \/><\/a><\/td>\n<td><a href=\"http:\/\/193.2.241.104\/wp-content\/uploads\/2011\/04\/mat_day_1_r_11_2.jpg\" rel=\"lightbox[2557]\"><img decoding=\"async\" class=\"alignleft size-thumbnail wp-image-2559\" title=\"mat_day_1_r_11_2\" src=\"http:\/\/193.2.241.104\/wp-content\/uploads\/2011\/04\/mat_day_1_r_11_2-160x120.jpg\" alt=\"\" width=\"160\" height=\"120\" \/><\/a><\/td>\n<\/tr>\n<\/tbody>\n<\/table>\n<p>Vi\u0161njanski prvo\u0161ol\u010dki smo se v \u0161oli zelo potrudili in izdelali pozornost, s katero smo razveselili na\u0161e drage mamice ob materinskem dnevu.<\/p>\n<p style=\"text-align: right;\">U\u010denci in u\u010diteljici 1. razreda<\/p>\n<p>&nbsp;<\/p>\n<p>&nbsp;<\/p>\n<\/div>","protected":false},"excerpt":{"rendered":"<div class=\"page-restrict-output\"><p>Sr\u010dek vro\u010d imam, komu naj ga dam? Tebi, draga mama, ker te rad imam. Vi\u0161njanski prvo\u0161ol\u010dki smo se v \u0161oli zelo potrudili in izdelali pozornost, s katero smo razveselili na\u0161e drage mamice ob materinskem dnevu. U\u010denci in u\u010diteljici 1. razreda &nbsp; &nbsp;<\/p>\n<\/div>","protected":false},"author":1,"featured_media":0,"comment_status":"closed","ping_status":"open","sticky":false,"template":"","format":"standard","meta":{"ngg_post_thumbnail":0,"_themeisle_gutenberg_block_has_review":false,"footnotes":""},"categories":[1,5],"tags":[],"class_list":["post-2557","post","type-post","status-publish","format-standard","hentry","category-objave","category-razredna-stopnja"],"featured_image_src":null,"featured_image_src_square":null,"author_info":{"display_name":"Gregor","author_link":"https:\/\/www.os-sticna.si\/?author=1"},"_links":{"self":[{"href":"https:\/\/www.os-sticna.si\/index.php?rest_route=\/wp\/v2\/posts\/2557","targetHints":{"allow":["GET"]}}],"collection":[{"href":"https:\/\/www.os-sticna.si\/index.php?rest_route=\/wp\/v2\/posts"}],"about":[{"href":"https:\/\/www.os-sticna.si\/index.php?rest_route=\/wp\/v2\/types\/post"}],"author":[{"embeddable":true,"href":"https:\/\/www.os-sticna.si\/index.php?rest_route=\/wp\/v2\/users\/1"}],"replies":[{"embeddable":true,"href":"https:\/\/www.os-sticna.si\/index.php?rest_route=%2Fwp%2Fv2%2Fcomments&post=2557"}],"version-history":[{"count":2,"href":"https:\/\/www.os-sticna.si\/index.php?rest_route=\/wp\/v2\/posts\/2557\/revisions"}],"predecessor-version":[{"id":2561,"href":"https:\/\/www.os-sticna.si\/index.php?rest_route=\/wp\/v2\/posts\/2557\/revisions\/2561"}],"wp:attachment":[{"href":"https:\/\/www.os-sticna.si\/index.php?rest_route=%2Fwp%2Fv2%2Fmedia&parent=2557"}],"wp:term":[{"taxonomy":"category","embeddable":true,"href":"https:\/\/www.os-sticna.si\/index.php?rest_route=%2Fwp%2Fv2%2Fcategories&post=2557"},{"taxonomy":"post_tag","embeddable":true,"href":"https:\/\/www.os-sticna.si\/index.php?rest_route=%2Fwp%2Fv2%2Ftags&post=2557"}],"curies":[{"name":"wp","href":"https:\/\/api.w.org\/{rel}","templated":true}]}}