{"id":22914,"date":"2019-11-04T08:14:55","date_gmt":"2019-11-04T07:14:55","guid":{"rendered":"http:\/\/www.os-sticna.si\/?p=22914"},"modified":"2019-11-04T08:16:38","modified_gmt":"2019-11-04T07:16:38","slug":"na-lovu-za-zakladi-prekmurja","status":"publish","type":"post","link":"https:\/\/www.os-sticna.si\/?p=22914","title":{"rendered":"NA LOVU ZA ZAKLADI PREKMURJA"},"content":{"rendered":"<div class=\"page-restrict-output\"><p>V soboto, 19. oktobra 2019, smo na O\u0160 Sti\u010dna v okviru projekta \u00bbSpoznavajmo de\u017eele\u00ab \u017ee peti\u010d izvedli delavnice, tokrat na temo \u00bbNa lovu za zakladi Prekmurja\u00ab.<\/p>\n<p>Na raziskovalnem dnevu je sodelovalo 90 u\u010dencev (v dejavnosti so bili vklju\u010deni tako u\u010denci 5.\u20139. razreda mati\u010dne \u0161ole kot tudi njihovi vrstniki s P\u0160 Vi\u0161nja Gora in P\u0160 Zagradec).<\/p>\n<p>U\u010denci so spoznavali naravnogeografske in dru\u017ebenogeografske zna\u010dilnosti Prekmurja,&nbsp; pomembne zgodovinske dogodke in osebnosti, vero ter obi\u010daje, kulinariko, prekmursko nare\u010dje in prekmurski knji\u017eni jezik, glasbo in knji\u017eevnike, ki so se s svojimi deli uvrstili v sam vrh slovenske literature. Na\u0161e delo je potekalo v osmih skupinah \u2013 delavnicah, v katere so se u\u010denci vklju\u010dili po zanimanju.<\/p>\n<p>V uvodnem (skupnem) delu smo najprej prisluhnili glasbeni to\u010dki pevcev in godcev ljudskih pesmi Studen\u010dek, ki so s svojimi umetelno izdelanimi glasbili ter pre\u010dudovitimi glasovi poskrbeli za prijeten za\u010detek na\u0161ega dopoldanskega dru\u017eenja.<\/p>\n<p>Po kratkem pozdravnem nagovoru ravnatelja Marjana Potokarja nam je izr. prof. dr. Jernej Zupan\u010di\u010d, predavatelj na Oddelku za geografijo na Filozofski fakulteti v Ljubljani, ob skrbno izbranih fotografijah predstavil Prekmurje podolgem in po\u010dez. Orisal nam je tako naravnogeografske kot tudi dru\u017ebenogeografske karakteristike te pre\u010dudovite pokrajine, ki je zaradi svoje odmaknjene lege in nizkih zimskih temperatur med Slovenci dolgo veljala za \u00bbslovensko Sibirijo\u00ab.<\/p>\n<p>Zatem je sledilo \u0161e predavanje dr\u017eavnega svetnika Marjana Mau\u010dca, ki nam je nazorno predstavil zgodovinsko dogajanje na obmo\u010dju Prekmurja, spregovoril nekaj besed o pomenu domoljubja za obstoj naroda, nato pa na\u0161e u\u010dence na domiseln in duhovit na\u010din pozval k razvozlavanju pomena skrbno izbranih prekmurskih nare\u010dnih besed, povezanih s kolinami, kulinariko \u2026<\/p>\n<p>Koordinatorka Nata\u0161a Rebec Luk\u0161i\u010d je zbranim predstavila \u0161e dva prekmurska gosta, ki sta nas po\u010dastila s svojim obiskom \u2013 Vlada Poredo\u0161a, pevca skupine Orlek, ki trenutno \u017eivi in ustvarja v Zasavju, in Mi\u0161a Kontreca, \u010dlana pevske zasedbe Langa. Po kon\u010danem uvodnem delu je sledilo delo v delavnicah.<\/p>\n<h5>Literarna delavnica<\/h5>\n<p>V sodelovanju z mentoricama, u\u010diteljicama Iris Kukanja in Vesno Zimic Gluvi\u0107, ter zunanjima sodelavkama Maru\u0161o Pu\u0161nik, knji\u017eni\u010darko iz Mestne knji\u017enice Grosuplje \u2013 Enote Ivan\u010dna Gorica, in Lauro Ostri\u010d, \u0161tudentko geografije na Filozofski fakulteti v Ljubljani, so u\u010denci izdelali plakat na temo prekmurskih knji\u017eevnikov in njihovih del tako v poeziji kot v prozi, posebej so se posvetili prekmurskim ljudskim pesmim (Vsi so venci bejli, San se \u0161etao, Zrejlo je \u017eito) in pesmim Ferija Lain\u0161\u010dka. Raziskovali so prekmursko nare\u010dje in prekmurski knji\u017eni jezik ter spoznavali prekmurske besede. Najve\u010d \u010dasa so namenili dramatizaciji pravljice Rde\u010da kapica v prekmur\u0161\u010dini in se pripravljali na gledali\u0161ko uprizoritev le-te ob zaklju\u010dku sobotnih delavnic. Literarne delavnice so se udele\u017eili 4 u\u010denci.<\/p>\n<h5>Geografska delavnica<\/h5>\n<p>Pri geografski delavnici je sodelovalo 21 u\u010dencev. Ve\u010dina u\u010dencev je bila iz 9. razreda, saj se obravnavana pokrajina odli\u010dno ujema z u\u010dnim na\u010drtom za 9. razred.<\/p>\n<p>Po uvodnem delu v jedilnici sta u\u010diteljici u\u010dencem najprej prikazali slikovno predstavitev vseh prekmurskih naravnih in dru\u017ebenih znamenitosti. Sledilo je tekmovanje v razumevanju prekmurskega nare\u010dja. Naloga je bila te\u017eka, a zabavna. Zmagovalca sta ob koncu delavnic imela ekskluzivno poku\u0161anje prekmurskih dobrot, ki so jih pripravili na kulinari\u010dni delavnici.<\/p>\n<p>Po tekmovanju so se u\u010denci razdelili na skupine in pri\u010deli z delom. Izdelovali so reliefno maketo Prekmurja, raziskovali \u017eivalski in rastlinski svet ob reki Muri, pripravili zanimivosti o sami reki Muri, njenih brodih in mlinih, ob raziskovanju dvojezi\u010dnega obmo\u010dja izdelali dvojezi\u010dne krajevne napise, izdelali maketo tipi\u010dne panonske hi\u0161e, odkrivali zgodovinsko ozadje Judov, evangeli\u010danov in nesre\u010de toplozra\u010dnega balona. Preu\u010dili in predstavili so tudi nekaj zanimivosti, kot so: stolp Vinarium, Kugla (najvi\u0161ji vrh Prekmurja), podjetje Lu\u0161t, do\u017eivljajski park Vulkanija, Moravske toplice, rotunda sv. Nikolaja, podjetje Ocean Orchids in pomen geotermalne energije.<\/p>\n<p>Tekom raziskovalnega dela so eno od u\u010denk oblekli tudi v odraslo \u017eensko prekmursko narodno no\u0161o. Po\u017eela je pravi val navdu\u0161enja.<\/p>\n<p>Geografsko delavnico sta vodili u\u010diteljici Tina Finc in Ur\u0161ka Petek, pri delu pa jima je pomagala Tereza Per\u0161olja, \u0161tudentka geografije na Filozofski fakulteti v Ljubljani.<\/p>\n<h5>Novinarska delavnica<\/h5>\n<p>Mladi novinarji so se na sobotne delavnice pripravljali dve \u0161olski uri. Raziskovali so, kaj se v javnosti \u017ee ve o zunanjih gostih Mi\u0161u Kontrecu, Vladu Poredo\u0161u in Marjanu Mau\u010dcu. Vsak u\u010denec je napisal 10 vpra\u0161anj, na katera je gost odgovarjal. Opravili so izvrstno delo, saj je vsak intervju potekal debelo uro.<\/p>\n<p>Ko so kon\u010dali z intervjuji, se je 8 u\u010dencev podalo v lov za izjavami udele\u017eencev posameznih delavnic, prav tako pa so na delavnicah tudi sodelovali, da so bolje do\u017eivljali raziskovano temo. Seveda se delo novinarjev po dogodku \u0161ele za\u010dne, saj je potrebno vse posnete, zapisane besede spraviti v neko spodobno obliko, ki jo bodo bralci z veseljem brali. Intervjuji bodo iz\u0161li v zborniku \u00bbNa lovu za zakladi Prekmurja\u00ab in v \u0161olskem \u010dasopisu \u010casotepec.<\/p>\n<p>Mentorici novinarske delavnice sta bili: Andreja Robek Perpar in Nata\u0161a Rebec Luk\u0161i\u010d.<\/p>\n<h5>Likovna delavnica<\/h5>\n<p>V likovni delavnici, ki sta jo vodili u\u010diteljici Katja Toma\u017ein in Anka \u0160vigelj Ko\u017eelj, je ustvarjalo 18 u\u010dencev. Obiskala sta jih tudi dva posebna gosta, knji\u017eni\u010darka Maru\u0161a Pu\u0161nik iz Mestne knji\u017enice Grosuplje \u2013 Enota Ivan\u010dna Gorica, ter ilustrator Gabrijel Vrhovec iz Vi\u0161nje Gore.<\/p>\n<p>Na za\u010detku je gospa knji\u017eni\u010darka u\u010dencem predstavila kami\u0161ibaj. Povedala je, da izhaja z Japonske&nbsp;(jap.&nbsp;kami: papir,&nbsp;\u0161ibaj: gledali\u0161\u010de), da gre za pripovedovanje zgodb ob slikah ter da so slike vlo\u017eene v lesen oder, imenovan \u00bbbutaj\u00ab. Pripovedovalec (kami\u0161ibajkar) ob pripovedovanju menja slike, ki prikazujejo dogajanje v zgodbi.<\/p>\n<p>Ilustrator Gabrijel Vrhovec je u\u010dencem spregovoril nekaj besed o tem, kako nastaneta ilustracija ter strip. Poiskal je vzporednice med kami\u0161ibajem in stripom, kar je dalo u\u010dencem dodaten navdih za svoje delo.<\/p>\n<p>Po uvodni predstavitvi je nekaj u\u010dencev v u\u010dilnici tehnike in tehnologije izdelalo pravi butaj iz lesa, drugi pa so ilustrirali prekmursko zgodbo o Povodnem mo\u017eu.<\/p>\n<p>U\u010denci so poleg tega izdelovali \u0161e lesene spominke, na katere so s pomo\u010djo pirografa v\u017egali motive s Prekmurja, z akrilnimi barvami barvali lectova srca in ka\u0161irano \u0161torkljo ter pletli njeno gnezdo.<\/p>\n<p>Na koncu sobotnih delavnic je u\u010denka pri poro\u010danju skupin postala prava kami\u0161ibajkarka ter ob narejenem butaju s pomo\u010djo ilustriranih slik predstavila zgodbo o Povodnem mo\u017eu. Likovna dela so razstavljena na hodniku \u0161ole.<\/p>\n<h5>Zgodovinska delavnica<\/h5>\n<p>U\u010denci zgodovinske delavnice so pod mentorstvom u\u010diteljic Ur\u0161ule Zakraj\u0161ek, \u0160tefke Klemen\u010di\u010d in Vesne Kova\u010d izdelovali plakate, ki se navezujejo na zgodovino Prekmurja. Pri delu jim je pomagala Ana Ko\u0161njek, \u0161tudentka geografije na Filozofski fakulteti v Ljubljani.<\/p>\n<p>Zgodovinske teme, ki so jih mladi zgodovinarji obdelali, so: Prekmurje v 1. in 2. svetovni vojni, zdru\u017eitev Prekmurja z mati\u010dno dr\u017eavo, verstva v Prekmurju, gradovi in cerkve v Prekmurju, zgodovina Murske Sobote in Lendave, Judi v Prekmurju in njihova usoda, pomembne osebnosti Prekmurja danes, mesti Maribor in Lendava.<\/p>\n<p>U\u010denci so se na delo v delavnici temeljito pripravili. \u017de pred izvedbo delavnic so obiskali knji\u017enico in poiskali gradivo za svojo temo, prav tako so poiskali in fotokopirali slike.<\/p>\n<p>Delavnice se je udele\u017eilo 20 u\u010dencev od 6. do 9. razreda.<\/p>\n<h5>Kulinari\u010dna delavnica<\/h5>\n<p>Na delavnici sta kot mentorici sodelovali u\u010diteljici Ur\u0161ka Praznik in Katja Kek, pri delu pa so udele\u017eencem pomagale tri gospe iz Dru\u0161tva za kulturo, \u0161port in turizem \u017dlaki iz kraja Sebeborci. Predstavile so jim kulinari\u010dne posebnosti in tradicionalne jedi, ki so zna\u010dilne za Prekmurje. Demonstrirale&nbsp; so&nbsp; pripravo dveh najbolj tradicionalnih prekmurskih jedi: &nbsp;D\u00d6DOLE IN LANGA\u0160. Pri pripravi so jim pomagali tudi u\u010denci.<\/p>\n<p>Ko so bile jedi pripravljene, so u\u010denci pripravili pogrinjke in jedi poskusili. Za konec pa so se vsi posladkali s tradicionalno prekmursko gibanico.<\/p>\n<p>U\u010denci so se na predstavitev pripravili s pomo\u010djo plakatov. Predstavili so recepta jedi, ki so ju pripravile marljive kuharice.<\/p>\n<p>Delavnice se je udele\u017eilo 9 u\u010dencev od 6. do 9. razreda.<\/p>\n<h5>Glasbena delavnica<\/h5>\n<p>Glasbeno delavnico sta vodili u\u010diteljici Mateja Jere Grmek in Vanja Pe\u010dek Jano\u0161. Pri delu jima je pomagala Doroteja Penko, \u0161tudentka geografije na Filozofski fakulteti v Ljubljani. Delavnice se je udele\u017eilo 6 u\u010dencev.<\/p>\n<p>Pridru\u017eila sta se jim tudi prekmurska glasbenika Vlado Poredo\u0161 iz skupine Orlek in Mi\u0161o Kontrec, \u010dlan skupine Langa. Ob kratkem ogledu filma o Prekmurju sta udele\u017eencem delavnice predstavila zgodovino Prekmurja ter razliko med prekmursko in romsko glasbo. Igrala sta na violino, kitaro in klavir.<\/p>\n<p>Na delavnici so si u\u010denci ogledali ljudska glasbila, zna\u010dilna za Prekmurje,&nbsp; prekmursko narodno no\u0161o, poslu\u0161ali ljudske pesmi in se nau\u010dili pesem ter ples z naslovom \u00bbMarko ska\u010de\u00ab.<\/p>\n<p>U\u010denci so imeli s seboj in\u0161trumente: tamburico, harmoniko in kitaro. Igrali so na Orffove in\u0161trumente, opona\u0161ali \u017eabe, prepevali s \u0161tudentko Dorotejo Penko, izvabljali glas iz lon\u010denih pti\u010dkov \u2026<\/p>\n<p>Vtisi udele\u017eencev: \u00bbBilo je zabavno, super, lahko smo se oblekli v no\u0161o, imeli smo ful in\u0161trumentov, dobro je bilo, da sta nas obiskala prekmurska glasbenika \u2026\u00ab<\/p>\n<h5>Fotografska delavnica<\/h5>\n<p>V okviru fotografske delavnice so 4 u\u010denke pozorno spremljale dogajanje na sobotnih delavnicah. V svoje objektive so ujele dogajanje na zgodovinski, geografski, literarni, likovni, kulinari\u010dni, glasbeni in novinarski delavnici ter zaklju\u010dno dogajanje, kjer so u\u010denci poro\u010dali o tem, kaj so po\u010deli v svojih delavnicah. Za dodaten nabor fotografij so poskrbele Nika Haler Metelko (nekdanja u\u010denka O\u0160 Sti\u010dna, sedaj dijakinja Srednje \u0161ole za oblikovanje in fotografijo&nbsp; Ljubljana) ter Tea Adamlje in Teja Vol\u010danjk, \u0161tudentki Filozofske fakultete v Ljubljani.<\/p>\n<p>Na koncu so odli\u010dne fotografinje zbrale fotografije in naredile izbor najlep\u0161ih, primernih za objavo na spletnih straneh \u0161ole, v \u0161olskem ali krajevnem \u010dasopisu.<\/p>\n<p>Mentor fotografske delavnice je bil knji\u017eni\u010dar Kristijan Re\u0161eti\u010d.<\/p>\n<p>&nbsp;<\/p>\n<p>Vsi izdelki na\u0161ih u\u010dencev so razstavljeni na panojih na \u0161olskem hodniku v prvem nadstropju O\u0160 Sti\u010dna oziroma v u\u010dilnici zgodovine in geografije na P\u0160 Vi\u0161nja Gora ter na P\u0160 Zagradec, fotografije in videoposnetek pa se predvajajo na \u0161olskih prikazovalnikih.<\/p>\n<p>Sobotne delavnice smo zaklju\u010dili s kratko predstavitvijo posameznih delavnic in ogledom razstavljenih izdelkov, nato pa so si u\u010denci privo\u0161\u010dili ko\u0161\u010dek langa\u0161a \u2013 slastne prekmurske jedi, ki so jo za nas pripravile spretne prekmurske kuharice.<\/p>\n<p>&nbsp;<\/p>\n<p>Pripravili: Nata\u0161a Rebec Luk\u0161i\u010d in Vesna Zimic Gluvi\u0107 v sodelovanju z ostalimi mentorji sobotnih delavnic<\/p>\n\n\t\t<style type=\"text\/css\">\n\t\t\t#gallery-1 {\n\t\t\t\tmargin: auto;\n\t\t\t}\n\t\t\t#gallery-1 .gallery-item {\n\t\t\t\tfloat: left;\n\t\t\t\tmargin-top: 10px;\n\t\t\t\ttext-align: center;\n\t\t\t\twidth: 33%;\n\t\t\t}\n\t\t\t#gallery-1 img {\n\t\t\t\tborder: 2px solid #cfcfcf;\n\t\t\t}\n\t\t\t#gallery-1 .gallery-caption {\n\t\t\t\tmargin-left: 0;\n\t\t\t}\n\t\t\t\/* see gallery_shortcode() in wp-includes\/media.php *\/\n\t\t<\/style>\n\t\t<div id='gallery-1' class='gallery galleryid-22914 gallery-columns-3 gallery-size-thumbnail'><dl class='gallery-item'>\n\t\t\t<dt class='gallery-icon landscape'>\n\t\t\t\t<a href='https:\/\/www.os-sticna.si\/wp-content\/uploads\/2019\/11\/Na-lovu-za-zakladi-Prekmurja-01-Medium.jpg' rel=\"lightbox[22914]\"><img decoding=\"async\" width=\"160\" height=\"120\" src=\"https:\/\/www.os-sticna.si\/wp-content\/uploads\/2019\/11\/Na-lovu-za-zakladi-Prekmurja-01-Medium-160x120.jpg\" class=\"attachment-thumbnail size-thumbnail\" alt=\"\" \/><\/a>\n\t\t\t<\/dt><\/dl><dl class='gallery-item'>\n\t\t\t<dt class='gallery-icon portrait'>\n\t\t\t\t<a href='https:\/\/www.os-sticna.si\/wp-content\/uploads\/2019\/11\/Na-lovu-za-zakladi-Prekmurja-03-Medium.jpg' rel=\"lightbox[22914]\"><img decoding=\"async\" width=\"160\" height=\"120\" src=\"https:\/\/www.os-sticna.si\/wp-content\/uploads\/2019\/11\/Na-lovu-za-zakladi-Prekmurja-03-Medium-160x120.jpg\" class=\"attachment-thumbnail size-thumbnail\" alt=\"\" \/><\/a>\n\t\t\t<\/dt><\/dl><dl class='gallery-item'>\n\t\t\t<dt class='gallery-icon landscape'>\n\t\t\t\t<a href='https:\/\/www.os-sticna.si\/wp-content\/uploads\/2019\/11\/Na-lovu-za-zakladi-Prekmurja-06-Medium.jpg' rel=\"lightbox[22914]\"><img decoding=\"async\" width=\"160\" height=\"120\" src=\"https:\/\/www.os-sticna.si\/wp-content\/uploads\/2019\/11\/Na-lovu-za-zakladi-Prekmurja-06-Medium-160x120.jpg\" class=\"attachment-thumbnail size-thumbnail\" alt=\"\" srcset=\"https:\/\/www.os-sticna.si\/wp-content\/uploads\/2019\/11\/Na-lovu-za-zakladi-Prekmurja-06-Medium-160x120.jpg 160w, https:\/\/www.os-sticna.si\/wp-content\/uploads\/2019\/11\/Na-lovu-za-zakladi-Prekmurja-06-Medium-320x240.jpg 320w, https:\/\/www.os-sticna.si\/wp-content\/uploads\/2019\/11\/Na-lovu-za-zakladi-Prekmurja-06-Medium-768x576.jpg 768w, https:\/\/www.os-sticna.si\/wp-content\/uploads\/2019\/11\/Na-lovu-za-zakladi-Prekmurja-06-Medium-800x600.jpg 800w, https:\/\/www.os-sticna.si\/wp-content\/uploads\/2019\/11\/Na-lovu-za-zakladi-Prekmurja-06-Medium.jpg 1024w\" sizes=\"(max-width: 160px) 100vw, 160px\" \/><\/a>\n\t\t\t<\/dt><\/dl><br style=\"clear: both\" \/><dl class='gallery-item'>\n\t\t\t<dt class='gallery-icon landscape'>\n\t\t\t\t<a href='https:\/\/www.os-sticna.si\/wp-content\/uploads\/2019\/11\/Na-lovu-za-zakladi-Prekmurja-11-Medium.jpg' rel=\"lightbox[22914]\"><img loading=\"lazy\" decoding=\"async\" width=\"160\" height=\"120\" src=\"https:\/\/www.os-sticna.si\/wp-content\/uploads\/2019\/11\/Na-lovu-za-zakladi-Prekmurja-11-Medium-160x120.jpg\" class=\"attachment-thumbnail size-thumbnail\" alt=\"\" srcset=\"https:\/\/www.os-sticna.si\/wp-content\/uploads\/2019\/11\/Na-lovu-za-zakladi-Prekmurja-11-Medium-160x120.jpg 160w, https:\/\/www.os-sticna.si\/wp-content\/uploads\/2019\/11\/Na-lovu-za-zakladi-Prekmurja-11-Medium-320x240.jpg 320w, https:\/\/www.os-sticna.si\/wp-content\/uploads\/2019\/11\/Na-lovu-za-zakladi-Prekmurja-11-Medium-768x576.jpg 768w, https:\/\/www.os-sticna.si\/wp-content\/uploads\/2019\/11\/Na-lovu-za-zakladi-Prekmurja-11-Medium-800x600.jpg 800w, https:\/\/www.os-sticna.si\/wp-content\/uploads\/2019\/11\/Na-lovu-za-zakladi-Prekmurja-11-Medium.jpg 1024w\" sizes=\"(max-width: 160px) 100vw, 160px\" \/><\/a>\n\t\t\t<\/dt><\/dl><dl class='gallery-item'>\n\t\t\t<dt class='gallery-icon landscape'>\n\t\t\t\t<a href='https:\/\/www.os-sticna.si\/wp-content\/uploads\/2019\/11\/Na-lovu-za-zakladi-Prekmurja-12-Medium.jpg' rel=\"lightbox[22914]\"><img loading=\"lazy\" decoding=\"async\" width=\"160\" height=\"120\" src=\"https:\/\/www.os-sticna.si\/wp-content\/uploads\/2019\/11\/Na-lovu-za-zakladi-Prekmurja-12-Medium-160x120.jpg\" class=\"attachment-thumbnail size-thumbnail\" alt=\"\" \/><\/a>\n\t\t\t<\/dt><\/dl><dl class='gallery-item'>\n\t\t\t<dt class='gallery-icon landscape'>\n\t\t\t\t<a href='https:\/\/www.os-sticna.si\/wp-content\/uploads\/2019\/11\/Na-lovu-za-zakladi-Prekmurja-15-Medium.jpg' rel=\"lightbox[22914]\"><img loading=\"lazy\" decoding=\"async\" width=\"160\" height=\"120\" src=\"https:\/\/www.os-sticna.si\/wp-content\/uploads\/2019\/11\/Na-lovu-za-zakladi-Prekmurja-15-Medium-160x120.jpg\" class=\"attachment-thumbnail size-thumbnail\" alt=\"\" srcset=\"https:\/\/www.os-sticna.si\/wp-content\/uploads\/2019\/11\/Na-lovu-za-zakladi-Prekmurja-15-Medium-160x120.jpg 160w, https:\/\/www.os-sticna.si\/wp-content\/uploads\/2019\/11\/Na-lovu-za-zakladi-Prekmurja-15-Medium-320x240.jpg 320w, https:\/\/www.os-sticna.si\/wp-content\/uploads\/2019\/11\/Na-lovu-za-zakladi-Prekmurja-15-Medium-768x576.jpg 768w, https:\/\/www.os-sticna.si\/wp-content\/uploads\/2019\/11\/Na-lovu-za-zakladi-Prekmurja-15-Medium-800x600.jpg 800w, https:\/\/www.os-sticna.si\/wp-content\/uploads\/2019\/11\/Na-lovu-za-zakladi-Prekmurja-15-Medium.jpg 1024w\" sizes=\"(max-width: 160px) 100vw, 160px\" \/><\/a>\n\t\t\t<\/dt><\/dl><br style=\"clear: both\" \/><dl class='gallery-item'>\n\t\t\t<dt class='gallery-icon landscape'>\n\t\t\t\t<a href='https:\/\/www.os-sticna.si\/wp-content\/uploads\/2019\/11\/Na-lovu-za-zakladi-Prekmurja-17-Medium.jpg' rel=\"lightbox[22914]\"><img loading=\"lazy\" decoding=\"async\" width=\"160\" height=\"120\" src=\"https:\/\/www.os-sticna.si\/wp-content\/uploads\/2019\/11\/Na-lovu-za-zakladi-Prekmurja-17-Medium-160x120.jpg\" class=\"attachment-thumbnail size-thumbnail\" alt=\"\" \/><\/a>\n\t\t\t<\/dt><\/dl><dl class='gallery-item'>\n\t\t\t<dt class='gallery-icon landscape'>\n\t\t\t\t<a href='https:\/\/www.os-sticna.si\/wp-content\/uploads\/2019\/11\/Na-lovu-za-zakladi-Prekmurja-19-Medium.jpg' rel=\"lightbox[22914]\"><img loading=\"lazy\" decoding=\"async\" width=\"160\" height=\"120\" src=\"https:\/\/www.os-sticna.si\/wp-content\/uploads\/2019\/11\/Na-lovu-za-zakladi-Prekmurja-19-Medium-160x120.jpg\" class=\"attachment-thumbnail size-thumbnail\" alt=\"\" srcset=\"https:\/\/www.os-sticna.si\/wp-content\/uploads\/2019\/11\/Na-lovu-za-zakladi-Prekmurja-19-Medium-160x120.jpg 160w, https:\/\/www.os-sticna.si\/wp-content\/uploads\/2019\/11\/Na-lovu-za-zakladi-Prekmurja-19-Medium-320x240.jpg 320w, https:\/\/www.os-sticna.si\/wp-content\/uploads\/2019\/11\/Na-lovu-za-zakladi-Prekmurja-19-Medium-768x576.jpg 768w, https:\/\/www.os-sticna.si\/wp-content\/uploads\/2019\/11\/Na-lovu-za-zakladi-Prekmurja-19-Medium-800x600.jpg 800w, https:\/\/www.os-sticna.si\/wp-content\/uploads\/2019\/11\/Na-lovu-za-zakladi-Prekmurja-19-Medium.jpg 1024w\" sizes=\"(max-width: 160px) 100vw, 160px\" \/><\/a>\n\t\t\t<\/dt><\/dl><dl class='gallery-item'>\n\t\t\t<dt class='gallery-icon landscape'>\n\t\t\t\t<a href='https:\/\/www.os-sticna.si\/wp-content\/uploads\/2019\/11\/Na-lovu-za-zakladi-Prekmurja-25-Medium.jpg' rel=\"lightbox[22914]\"><img loading=\"lazy\" decoding=\"async\" width=\"160\" height=\"120\" src=\"https:\/\/www.os-sticna.si\/wp-content\/uploads\/2019\/11\/Na-lovu-za-zakladi-Prekmurja-25-Medium-160x120.jpg\" class=\"attachment-thumbnail size-thumbnail\" alt=\"\" aria-describedby=\"gallery-1-22923\" \/><\/a>\n\t\t\t<\/dt>\n\t\t\t\t<dd class='wp-caption-text gallery-caption' id='gallery-1-22923'>\n\t\t\t\tdig\n\t\t\t\t<\/dd><\/dl><br style=\"clear: both\" \/><dl class='gallery-item'>\n\t\t\t<dt class='gallery-icon portrait'>\n\t\t\t\t<a href='https:\/\/www.os-sticna.si\/wp-content\/uploads\/2019\/11\/Na-lovu-za-zakladi-Prekmurja-26-Medium.jpg' rel=\"lightbox[22914]\"><img loading=\"lazy\" decoding=\"async\" width=\"160\" height=\"120\" src=\"https:\/\/www.os-sticna.si\/wp-content\/uploads\/2019\/11\/Na-lovu-za-zakladi-Prekmurja-26-Medium-160x120.jpg\" class=\"attachment-thumbnail size-thumbnail\" alt=\"\" \/><\/a>\n\t\t\t<\/dt><\/dl><dl class='gallery-item'>\n\t\t\t<dt class='gallery-icon landscape'>\n\t\t\t\t<a href='https:\/\/www.os-sticna.si\/wp-content\/uploads\/2019\/11\/Na-lovu-za-zakladi-Prekmurja-27-Medium.jpg' rel=\"lightbox[22914]\"><img loading=\"lazy\" decoding=\"async\" width=\"160\" height=\"120\" src=\"https:\/\/www.os-sticna.si\/wp-content\/uploads\/2019\/11\/Na-lovu-za-zakladi-Prekmurja-27-Medium-160x120.jpg\" class=\"attachment-thumbnail size-thumbnail\" alt=\"\" srcset=\"https:\/\/www.os-sticna.si\/wp-content\/uploads\/2019\/11\/Na-lovu-za-zakladi-Prekmurja-27-Medium-160x120.jpg 160w, https:\/\/www.os-sticna.si\/wp-content\/uploads\/2019\/11\/Na-lovu-za-zakladi-Prekmurja-27-Medium-320x240.jpg 320w, https:\/\/www.os-sticna.si\/wp-content\/uploads\/2019\/11\/Na-lovu-za-zakladi-Prekmurja-27-Medium-768x576.jpg 768w, https:\/\/www.os-sticna.si\/wp-content\/uploads\/2019\/11\/Na-lovu-za-zakladi-Prekmurja-27-Medium-800x600.jpg 800w, https:\/\/www.os-sticna.si\/wp-content\/uploads\/2019\/11\/Na-lovu-za-zakladi-Prekmurja-27-Medium.jpg 1024w\" sizes=\"(max-width: 160px) 100vw, 160px\" \/><\/a>\n\t\t\t<\/dt><\/dl><dl class='gallery-item'>\n\t\t\t<dt class='gallery-icon landscape'>\n\t\t\t\t<a href='https:\/\/www.os-sticna.si\/wp-content\/uploads\/2019\/11\/Na-lovu-za-zakladi-Prekmurja-31-Medium.jpg' rel=\"lightbox[22914]\"><img loading=\"lazy\" decoding=\"async\" width=\"160\" height=\"120\" src=\"https:\/\/www.os-sticna.si\/wp-content\/uploads\/2019\/11\/Na-lovu-za-zakladi-Prekmurja-31-Medium-160x120.jpg\" class=\"attachment-thumbnail size-thumbnail\" alt=\"\" \/><\/a>\n\t\t\t<\/dt><\/dl><br style=\"clear: both\" \/><dl class='gallery-item'>\n\t\t\t<dt class='gallery-icon landscape'>\n\t\t\t\t<a href='https:\/\/www.os-sticna.si\/wp-content\/uploads\/2019\/11\/Na-lovu-za-zakladi-Prekmurja-34-Medium.jpg' rel=\"lightbox[22914]\"><img loading=\"lazy\" decoding=\"async\" width=\"160\" height=\"120\" src=\"https:\/\/www.os-sticna.si\/wp-content\/uploads\/2019\/11\/Na-lovu-za-zakladi-Prekmurja-34-Medium-160x120.jpg\" class=\"attachment-thumbnail size-thumbnail\" alt=\"\" \/><\/a>\n\t\t\t<\/dt><\/dl><dl class='gallery-item'>\n\t\t\t<dt class='gallery-icon landscape'>\n\t\t\t\t<a href='https:\/\/www.os-sticna.si\/wp-content\/uploads\/2019\/11\/Na-lovu-za-zakladi-Prekmurja-35-Medium.jpg' rel=\"lightbox[22914]\"><img loading=\"lazy\" decoding=\"async\" width=\"160\" height=\"120\" src=\"https:\/\/www.os-sticna.si\/wp-content\/uploads\/2019\/11\/Na-lovu-za-zakladi-Prekmurja-35-Medium-160x120.jpg\" class=\"attachment-thumbnail size-thumbnail\" alt=\"\" \/><\/a>\n\t\t\t<\/dt><\/dl><dl class='gallery-item'>\n\t\t\t<dt class='gallery-icon landscape'>\n\t\t\t\t<a href='https:\/\/www.os-sticna.si\/wp-content\/uploads\/2019\/11\/Na-lovu-za-zakladi-Prekmurja-36-Medium.jpg' rel=\"lightbox[22914]\"><img loading=\"lazy\" decoding=\"async\" width=\"160\" height=\"120\" src=\"https:\/\/www.os-sticna.si\/wp-content\/uploads\/2019\/11\/Na-lovu-za-zakladi-Prekmurja-36-Medium-160x120.jpg\" class=\"attachment-thumbnail size-thumbnail\" alt=\"\" \/><\/a>\n\t\t\t<\/dt><\/dl><br style=\"clear: both\" \/><dl class='gallery-item'>\n\t\t\t<dt class='gallery-icon landscape'>\n\t\t\t\t<a href='https:\/\/www.os-sticna.si\/wp-content\/uploads\/2019\/11\/Na-lovu-za-zakladi-Prekmurja-37-Medium.jpg' rel=\"lightbox[22914]\"><img loading=\"lazy\" decoding=\"async\" width=\"160\" height=\"120\" src=\"https:\/\/www.os-sticna.si\/wp-content\/uploads\/2019\/11\/Na-lovu-za-zakladi-Prekmurja-37-Medium-160x120.jpg\" class=\"attachment-thumbnail size-thumbnail\" alt=\"\" \/><\/a>\n\t\t\t<\/dt><\/dl><dl class='gallery-item'>\n\t\t\t<dt class='gallery-icon landscape'>\n\t\t\t\t<a href='https:\/\/www.os-sticna.si\/wp-content\/uploads\/2019\/11\/Na-lovu-za-zakladi-Prekmurja-38-Medium.jpg' rel=\"lightbox[22914]\"><img loading=\"lazy\" decoding=\"async\" width=\"160\" height=\"120\" src=\"https:\/\/www.os-sticna.si\/wp-content\/uploads\/2019\/11\/Na-lovu-za-zakladi-Prekmurja-38-Medium-160x120.jpg\" class=\"attachment-thumbnail size-thumbnail\" alt=\"\" \/><\/a>\n\t\t\t<\/dt><\/dl><dl class='gallery-item'>\n\t\t\t<dt class='gallery-icon landscape'>\n\t\t\t\t<a href='https:\/\/www.os-sticna.si\/wp-content\/uploads\/2019\/11\/Na-lovu-za-zakladi-Prekmurja-39-Medium.jpg' rel=\"lightbox[22914]\"><img loading=\"lazy\" decoding=\"async\" width=\"160\" height=\"120\" src=\"https:\/\/www.os-sticna.si\/wp-content\/uploads\/2019\/11\/Na-lovu-za-zakladi-Prekmurja-39-Medium-160x120.jpg\" class=\"attachment-thumbnail size-thumbnail\" alt=\"\" \/><\/a>\n\t\t\t<\/dt><\/dl><br style=\"clear: both\" \/><dl class='gallery-item'>\n\t\t\t<dt class='gallery-icon landscape'>\n\t\t\t\t<a href='https:\/\/www.os-sticna.si\/wp-content\/uploads\/2019\/11\/Na-lovu-za-zakladi-Prekmurja-40-Medium.jpg' rel=\"lightbox[22914]\"><img loading=\"lazy\" decoding=\"async\" width=\"160\" height=\"120\" src=\"https:\/\/www.os-sticna.si\/wp-content\/uploads\/2019\/11\/Na-lovu-za-zakladi-Prekmurja-40-Medium-160x120.jpg\" class=\"attachment-thumbnail size-thumbnail\" alt=\"\" \/><\/a>\n\t\t\t<\/dt><\/dl><dl class='gallery-item'>\n\t\t\t<dt class='gallery-icon landscape'>\n\t\t\t\t<a href='https:\/\/www.os-sticna.si\/wp-content\/uploads\/2019\/11\/Na-lovu-za-zakladi-Prekmurja-41-Medium.jpg' rel=\"lightbox[22914]\"><img loading=\"lazy\" decoding=\"async\" width=\"160\" height=\"120\" src=\"https:\/\/www.os-sticna.si\/wp-content\/uploads\/2019\/11\/Na-lovu-za-zakladi-Prekmurja-41-Medium-160x120.jpg\" class=\"attachment-thumbnail size-thumbnail\" alt=\"\" \/><\/a>\n\t\t\t<\/dt><\/dl>\n\t\t\t<br style='clear: both' \/>\n\t\t<\/div>\n\n<p>Fotografije: Ana Posavec, Katju\u0161a \u0160krbe in Sara Zelnik (u\u010denke 7. b), Gabrijela Vidmar (u\u010denka 7. aZ), Nika Haler Metelko (dijakinja Srednje \u0161ole za oblikovanje in fotografijo Ljubljana), \u0161tudentki geografije Tea Adamlje in Teja Vol\u010danjk<\/p>\n<\/div>","protected":false},"excerpt":{"rendered":"<div class=\"page-restrict-output\"><p>V soboto, 19. oktobra 2019, smo na O\u0160 Sti\u010dna v okviru projekta \u00bbSpoznavajmo de\u017eele\u00ab \u017ee peti\u010d izvedli delavnice, tokrat na temo \u00bbNa lovu za zakladi Prekmurja\u00ab. Na raziskovalnem dnevu je sodelovalo 90 u\u010dencev (v dejavnosti so bili vklju\u010deni tako u\u010denci 5.\u20139. razreda mati\u010dne \u0161ole kot tudi njihovi vrstniki s P\u0160 Vi\u0161nja Gora in P\u0160 Zagradec). U\u010denci so spoznavali naravnogeografske in [&#8230;]<\/p>\n<\/div>","protected":false},"author":4,"featured_media":22935,"comment_status":"closed","ping_status":"open","sticky":false,"template":"","format":"standard","meta":{"ngg_post_thumbnail":0,"_themeisle_gutenberg_block_has_review":false,"footnotes":""},"categories":[1,6],"tags":[91],"class_list":["post-22914","post","type-post","status-publish","format-standard","has-post-thumbnail","hentry","category-objave","category-predmetna-stopnja","tag-slide"],"featured_image_src":"https:\/\/www.os-sticna.si\/wp-content\/uploads\/2019\/11\/prekmurje-slide.jpg","featured_image_src_square":"https:\/\/www.os-sticna.si\/wp-content\/uploads\/2019\/11\/prekmurje-slide.jpg","author_info":{"display_name":"Gregor","author_link":"https:\/\/www.os-sticna.si\/?author=4"},"_links":{"self":[{"href":"https:\/\/www.os-sticna.si\/index.php?rest_route=\/wp\/v2\/posts\/22914","targetHints":{"allow":["GET"]}}],"collection":[{"href":"https:\/\/www.os-sticna.si\/index.php?rest_route=\/wp\/v2\/posts"}],"about":[{"href":"https:\/\/www.os-sticna.si\/index.php?rest_route=\/wp\/v2\/types\/post"}],"author":[{"embeddable":true,"href":"https:\/\/www.os-sticna.si\/index.php?rest_route=\/wp\/v2\/users\/4"}],"replies":[{"embeddable":true,"href":"https:\/\/www.os-sticna.si\/index.php?rest_route=%2Fwp%2Fv2%2Fcomments&post=22914"}],"version-history":[{"count":1,"href":"https:\/\/www.os-sticna.si\/index.php?rest_route=\/wp\/v2\/posts\/22914\/revisions"}],"predecessor-version":[{"id":22936,"href":"https:\/\/www.os-sticna.si\/index.php?rest_route=\/wp\/v2\/posts\/22914\/revisions\/22936"}],"wp:featuredmedia":[{"embeddable":true,"href":"https:\/\/www.os-sticna.si\/index.php?rest_route=\/wp\/v2\/media\/22935"}],"wp:attachment":[{"href":"https:\/\/www.os-sticna.si\/index.php?rest_route=%2Fwp%2Fv2%2Fmedia&parent=22914"}],"wp:term":[{"taxonomy":"category","embeddable":true,"href":"https:\/\/www.os-sticna.si\/index.php?rest_route=%2Fwp%2Fv2%2Fcategories&post=22914"},{"taxonomy":"post_tag","embeddable":true,"href":"https:\/\/www.os-sticna.si\/index.php?rest_route=%2Fwp%2Fv2%2Ftags&post=22914"}],"curies":[{"name":"wp","href":"https:\/\/api.w.org\/{rel}","templated":true}]}}