{"id":17844,"date":"2017-08-31T11:03:50","date_gmt":"2017-08-31T10:03:50","guid":{"rendered":"http:\/\/www.os-sticna.si\/?p=17844"},"modified":"2017-09-08T11:08:51","modified_gmt":"2017-09-08T10:08:51","slug":"vozni-redi-za-solsko-leto-20172018","status":"publish","type":"post","link":"https:\/\/www.os-sticna.si\/?p=17844","title":{"rendered":"Vozni redi za \u0161olsko leto 2017\/2018"},"content":{"rendered":"<div class=\"page-restrict-output\"><div class=\"su-box su-box-style-glass\" id=\"\" style=\"border-color:#c99f1f;border-radius:5px;max-width:none\"><div class=\"su-box-title\" style=\"background-color:#fcd252;color:#cc0808;border-top-left-radius:3px;border-top-right-radius:3px\">Obvestilo<\/div><div class=\"su-box-content su-u-clearfix su-u-trim\" style=\"border-bottom-left-radius:3px;border-bottom-right-radius:3px\">\n<p>Zaradi menjave izvajalcev \u0161olskih prevozov na nekaterih linijah, predvem pa zaradi obnovitvenih del na P\u0160 Ambrus in posledi\u010dnega prevoza u\u010dencev na P\u0160 Zagradec, je pri\u0161lo do ve\u010dje spremembe v voznem redu na obmo\u010dju, ki ga pokrivajo P\u0160 Zagradec, P\u0160 Krka in P\u0161 Ambrus.<\/p>\n<p>Najve\u010dje spremembe so v \u0161olskem okoli\u0161u P\u0160 Krka.<\/p>\n<p>Obstoje\u010di vozni redi bodo veljali od 4. 9. 2017 do kon\u010danih del na P\u0160 Ambrus.<\/p>\n<\/div><\/div>\n<p>Spremembe:<\/p>\n<ul>\n<li class=\"first-child last-child\">6. 9. 2017\n<ul>\n<li class=\"first-child\">Popravljene ure odhodov in prihodo na relacijah Korinj \u2013 Krka, Znojile \u2013 Krka in Gabrov\u010dec \u2013 Krka<\/li>\n<li class=\"last-child\">Popravljena ura odhoda na relaciji \u0160C Ivan\u010dna Gorica \u2013 O\u0160 Ferda Vesela<\/li>\n<\/ul>\n<\/li>\n<li>8. 9. 2017\n<ul>\n<li class=\"first-child\">Popravljene ure odhodov in prihodo na relacijah \u0160c Ivan\u010dna Gorica &#8211; Spodnja Draga &#8211; Hudo &#8211; Stranska vas<\/li>\n<li class=\"last-child\">Popravljena ura odhoda na relaciji \u0160C Ivan\u010dna Gorica &#8211; Sti\u010dna &#8211; Mala Dobrava<\/li>\n<\/ul>\n<\/li>\n<\/ul>\n<p>&nbsp;<\/p>\n<iframe src=\"\/\/docs.google.com\/viewer?url=http%3A%2F%2Fwww2.arnes.si%2F%7Eosticnalj%2Fdocs%2Fvozni-red-2017-2018-1-objava.pdf&hl=sl&embedded=true\" class=\"gde-frame\" style=\"width:100%; height:800px; border: none;\" scrolling=\"no\"><\/iframe>\n\n<p>&nbsp;<\/p>\n<\/div>","protected":false},"excerpt":{"rendered":"<div class=\"page-restrict-output\"><p>Spremembe: 6. 9. 2017 Popravljene ure odhodov in prihodo na relacijah Korinj \u2013 Krka, Znojile \u2013 Krka in Gabrov\u010dec \u2013 Krka Popravljena ura odhoda na relaciji \u0160C Ivan\u010dna Gorica \u2013 O\u0160 Ferda Vesela 8. 9. 2017 Popravljene ure odhodov in prihodo na relacijah \u0160c Ivan\u010dna Gorica &#8211; Spodnja Draga &#8211; Hudo &#8211; Stranska vas Popravljena ura odhoda na relaciji \u0160C [&#8230;]<\/p>\n<\/div>","protected":false},"author":4,"featured_media":0,"comment_status":"open","ping_status":"open","sticky":false,"template":"","format":"standard","meta":{"ngg_post_thumbnail":0,"_themeisle_gutenberg_block_has_review":false,"footnotes":""},"categories":[3],"tags":[],"class_list":["post-17844","post","type-post","status-publish","format-standard","hentry","category-obvestila"],"featured_image_src":null,"featured_image_src_square":null,"author_info":{"display_name":"Gregor","author_link":"https:\/\/www.os-sticna.si\/?author=4"},"_links":{"self":[{"href":"https:\/\/www.os-sticna.si\/index.php?rest_route=\/wp\/v2\/posts\/17844","targetHints":{"allow":["GET"]}}],"collection":[{"href":"https:\/\/www.os-sticna.si\/index.php?rest_route=\/wp\/v2\/posts"}],"about":[{"href":"https:\/\/www.os-sticna.si\/index.php?rest_route=\/wp\/v2\/types\/post"}],"author":[{"embeddable":true,"href":"https:\/\/www.os-sticna.si\/index.php?rest_route=\/wp\/v2\/users\/4"}],"replies":[{"embeddable":true,"href":"https:\/\/www.os-sticna.si\/index.php?rest_route=%2Fwp%2Fv2%2Fcomments&post=17844"}],"version-history":[{"count":5,"href":"https:\/\/www.os-sticna.si\/index.php?rest_route=\/wp\/v2\/posts\/17844\/revisions"}],"predecessor-version":[{"id":17894,"href":"https:\/\/www.os-sticna.si\/index.php?rest_route=\/wp\/v2\/posts\/17844\/revisions\/17894"}],"wp:attachment":[{"href":"https:\/\/www.os-sticna.si\/index.php?rest_route=%2Fwp%2Fv2%2Fmedia&parent=17844"}],"wp:term":[{"taxonomy":"category","embeddable":true,"href":"https:\/\/www.os-sticna.si\/index.php?rest_route=%2Fwp%2Fv2%2Fcategories&post=17844"},{"taxonomy":"post_tag","embeddable":true,"href":"https:\/\/www.os-sticna.si\/index.php?rest_route=%2Fwp%2Fv2%2Ftags&post=17844"}],"curies":[{"name":"wp","href":"https:\/\/api.w.org\/{rel}","templated":true}]}}