{"id":17834,"date":"2017-08-22T07:01:22","date_gmt":"2017-08-22T06:01:22","guid":{"rendered":"http:\/\/www.os-sticna.si\/?p=17834"},"modified":"2017-08-22T07:01:22","modified_gmt":"2017-08-22T06:01:22","slug":"gradbena-dela-na-podruznicah","status":"publish","type":"post","link":"https:\/\/www.os-sticna.si\/?p=17834","title":{"rendered":"Gradbena dela na podru\u017enicah"},"content":{"rendered":"<div class=\"page-restrict-output\"><p>V \u010dasu po\u010ditnic potekajo gradbena dela v Ambrusu, na Krki, v Sti\u010dni in Vi\u0161nji Gori in na Muljavi. Izvajalci se izjemno trudijo dela dokon\u010dati v predvidenem roku, torej do pri\u010detka pouka. Dela bodo sicer predvidoma v grobem kon\u010dana. Manj\u0161a, ki pa ne bodo vplivala na varnost u\u010dencev in zaposlenih, pa bodo morebiti potekala tudi \u0161e prve dni v septembru, razen v Ambrusu, kjer se bodo dela zagotovo dokon\u010dala \u0161ele sredi septembra. V tem \u010dasu bodo ambru\u0161ki u\u010denci obiskovali pouk v Zagradcu. Ve\u010d bomo objavili v tednu pred pri\u010detkom pouka.<\/p>\n<p>Vsi pa se veselimo obnovljenih in preurejenih \u0161ol.<\/p>\n\n\t\t<style type=\"text\/css\">\n\t\t\t#gallery-1 {\n\t\t\t\tmargin: auto;\n\t\t\t}\n\t\t\t#gallery-1 .gallery-item {\n\t\t\t\tfloat: left;\n\t\t\t\tmargin-top: 10px;\n\t\t\t\ttext-align: center;\n\t\t\t\twidth: 33%;\n\t\t\t}\n\t\t\t#gallery-1 img {\n\t\t\t\tborder: 2px solid #cfcfcf;\n\t\t\t}\n\t\t\t#gallery-1 .gallery-caption {\n\t\t\t\tmargin-left: 0;\n\t\t\t}\n\t\t\t\/* see gallery_shortcode() in wp-includes\/media.php *\/\n\t\t<\/style>\n\t\t<div id='gallery-1' class='gallery galleryid-17834 gallery-columns-3 gallery-size-thumbnail'><dl class='gallery-item'>\n\t\t\t<dt class='gallery-icon landscape'>\n\t\t\t\t<a href='https:\/\/www.os-sticna.si\/?attachment_id=17835'><img decoding=\"async\" width=\"160\" height=\"120\" src=\"https:\/\/www.os-sticna.si\/wp-content\/uploads\/2017\/08\/ambrus-160x120.jpg\" class=\"attachment-thumbnail size-thumbnail\" alt=\"\" aria-describedby=\"gallery-1-17835\" \/><\/a>\n\t\t\t<\/dt>\n\t\t\t\t<dd class='wp-caption-text gallery-caption' id='gallery-1-17835'>\n\t\t\t\tP\u0160 Ambrus\n\t\t\t\t<\/dd><\/dl><dl class='gallery-item'>\n\t\t\t<dt class='gallery-icon landscape'>\n\t\t\t\t<a href='https:\/\/www.os-sticna.si\/?attachment_id=17836'><img decoding=\"async\" width=\"160\" height=\"120\" src=\"https:\/\/www.os-sticna.si\/wp-content\/uploads\/2017\/08\/krka-160x120.jpg\" class=\"attachment-thumbnail size-thumbnail\" alt=\"\" aria-describedby=\"gallery-1-17836\" \/><\/a>\n\t\t\t<\/dt>\n\t\t\t\t<dd class='wp-caption-text gallery-caption' id='gallery-1-17836'>\n\t\t\t\tP\u0160 Krka\n\t\t\t\t<\/dd><\/dl><dl class='gallery-item'>\n\t\t\t<dt class='gallery-icon landscape'>\n\t\t\t\t<a href='https:\/\/www.os-sticna.si\/?attachment_id=17837'><img decoding=\"async\" width=\"160\" height=\"120\" src=\"https:\/\/www.os-sticna.si\/wp-content\/uploads\/2017\/08\/muljava-160x120.jpg\" class=\"attachment-thumbnail size-thumbnail\" alt=\"\" aria-describedby=\"gallery-1-17837\" \/><\/a>\n\t\t\t<\/dt>\n\t\t\t\t<dd class='wp-caption-text gallery-caption' id='gallery-1-17837'>\n\t\t\t\tP\u0160 Muljava\n\t\t\t\t<\/dd><\/dl><br style=\"clear: both\" \/><dl class='gallery-item'>\n\t\t\t<dt class='gallery-icon landscape'>\n\t\t\t\t<a href='https:\/\/www.os-sticna.si\/?attachment_id=17838'><img loading=\"lazy\" decoding=\"async\" width=\"160\" height=\"120\" src=\"https:\/\/www.os-sticna.si\/wp-content\/uploads\/2017\/08\/sticna-160x120.jpg\" class=\"attachment-thumbnail size-thumbnail\" alt=\"\" aria-describedby=\"gallery-1-17838\" \/><\/a>\n\t\t\t<\/dt>\n\t\t\t\t<dd class='wp-caption-text gallery-caption' id='gallery-1-17838'>\n\t\t\t\tP\u0160 Sti\u010dna\n\t\t\t\t<\/dd><\/dl><dl class='gallery-item'>\n\t\t\t<dt class='gallery-icon landscape'>\n\t\t\t\t<a href='https:\/\/www.os-sticna.si\/?attachment_id=17839'><img loading=\"lazy\" decoding=\"async\" width=\"160\" height=\"120\" src=\"https:\/\/www.os-sticna.si\/wp-content\/uploads\/2017\/08\/visnjagora-160x120.jpg\" class=\"attachment-thumbnail size-thumbnail\" alt=\"\" aria-describedby=\"gallery-1-17839\" \/><\/a>\n\t\t\t<\/dt>\n\t\t\t\t<dd class='wp-caption-text gallery-caption' id='gallery-1-17839'>\n\t\t\t\tP\u0160  Vi\u0161nja Gora\n\t\t\t\t<\/dd><\/dl>\n\t\t\t<br style='clear: both' \/>\n\t\t<\/div>\n\n<p>Ravnatelj Marjan Potokar<\/p>\n<\/div>","protected":false},"excerpt":{"rendered":"<div class=\"page-restrict-output\"><p>V \u010dasu po\u010ditnic potekajo gradbena dela v Ambrusu, na Krki, v Sti\u010dni in Vi\u0161nji Gori in na Muljavi. Izvajalci se izjemno trudijo dela dokon\u010dati v predvidenem roku, torej do pri\u010detka pouka. Dela bodo sicer predvidoma v grobem kon\u010dana. Manj\u0161a, ki pa ne bodo vplivala na varnost u\u010dencev in zaposlenih, pa bodo morebiti potekala tudi \u0161e prve dni v septembru, razen [&#8230;]<\/p>\n<\/div>","protected":false},"author":4,"featured_media":0,"comment_status":"open","ping_status":"open","sticky":false,"template":"","format":"standard","meta":{"ngg_post_thumbnail":0,"_themeisle_gutenberg_block_has_review":false,"footnotes":""},"categories":[1],"tags":[],"class_list":["post-17834","post","type-post","status-publish","format-standard","hentry","category-objave"],"featured_image_src":null,"featured_image_src_square":null,"author_info":{"display_name":"Gregor","author_link":"https:\/\/www.os-sticna.si\/?author=4"},"_links":{"self":[{"href":"https:\/\/www.os-sticna.si\/index.php?rest_route=\/wp\/v2\/posts\/17834","targetHints":{"allow":["GET"]}}],"collection":[{"href":"https:\/\/www.os-sticna.si\/index.php?rest_route=\/wp\/v2\/posts"}],"about":[{"href":"https:\/\/www.os-sticna.si\/index.php?rest_route=\/wp\/v2\/types\/post"}],"author":[{"embeddable":true,"href":"https:\/\/www.os-sticna.si\/index.php?rest_route=\/wp\/v2\/users\/4"}],"replies":[{"embeddable":true,"href":"https:\/\/www.os-sticna.si\/index.php?rest_route=%2Fwp%2Fv2%2Fcomments&post=17834"}],"version-history":[{"count":1,"href":"https:\/\/www.os-sticna.si\/index.php?rest_route=\/wp\/v2\/posts\/17834\/revisions"}],"predecessor-version":[{"id":17840,"href":"https:\/\/www.os-sticna.si\/index.php?rest_route=\/wp\/v2\/posts\/17834\/revisions\/17840"}],"wp:attachment":[{"href":"https:\/\/www.os-sticna.si\/index.php?rest_route=%2Fwp%2Fv2%2Fmedia&parent=17834"}],"wp:term":[{"taxonomy":"category","embeddable":true,"href":"https:\/\/www.os-sticna.si\/index.php?rest_route=%2Fwp%2Fv2%2Fcategories&post=17834"},{"taxonomy":"post_tag","embeddable":true,"href":"https:\/\/www.os-sticna.si\/index.php?rest_route=%2Fwp%2Fv2%2Ftags&post=17834"}],"curies":[{"name":"wp","href":"https:\/\/api.w.org\/{rel}","templated":true}]}}