{"id":1201,"date":"2009-10-13T08:08:50","date_gmt":"2009-10-13T07:08:50","guid":{"rendered":"http:\/\/193.2.241.104\/?p=1201"},"modified":"2009-10-27T09:28:04","modified_gmt":"2009-10-27T08:28:04","slug":"teden-otorka-na-podruznicni-soli-ambrus","status":"publish","type":"post","link":"https:\/\/www.os-sticna.si\/?p=1201","title":{"rendered":"Teden otroka na podru\u017eni\u010dni \u0161oli Ambrus"},"content":{"rendered":"<div class=\"page-restrict-output\">ngg_shortcode_0_placeholder<p>Teden otroka smo na P\u0160 Ambrus pre\u017eiveli zelo \u017eivahno. Pogovarjali smo se o leto\u0161nji temi, izvolili predstavnike za parlament. U\u010denci 3. razreda so se  od dedkov in babic nau\u010dili iger iz njihovega otro\u0161tva in te igre smo se  potem igrali v \u0161oli. Imeli smo \u0161portni in naravoslovni dan. Za zaklju\u010dek smo si v petek ogledali \u0161e predstavo Rde\u010da Kapica, ki so jo zaigrali u\u010denci 2. razreda iz mati\u010dne \u0161ole.<\/p>\n<p style=\"text-align: right;\">Mojca Slavi\u010d<\/p>\n<\/div>","protected":false},"excerpt":{"rendered":"<div class=\"page-restrict-output\"><p>Teden otroka smo na P\u0160 Ambrus pre\u017eiveli zelo \u017eivahno. Pogovarjali smo se o leto\u0161nji temi, izvolili predstavnike za parlament. U\u010denci 3. razreda so se od dedkov in babic nau\u010dili iger iz njihovega otro\u0161tva in te igre smo se potem igrali v \u0161oli. Imeli smo \u0161portni in naravoslovni dan. Za zaklju\u010dek smo si v petek ogledali \u0161e predstavo Rde\u010da Kapica, ki [&#8230;]<\/p>\n<\/div>","protected":false},"author":4,"featured_media":0,"comment_status":"closed","ping_status":"closed","sticky":false,"template":"","format":"standard","meta":{"ngg_post_thumbnail":0,"_themeisle_gutenberg_block_has_review":false,"footnotes":""},"categories":[1,5],"tags":[],"class_list":["post-1201","post","type-post","status-publish","format-standard","hentry","category-objave","category-razredna-stopnja"],"featured_image_src":null,"featured_image_src_square":null,"author_info":{"display_name":"Gregor","author_link":"https:\/\/www.os-sticna.si\/?author=4"},"_links":{"self":[{"href":"https:\/\/www.os-sticna.si\/index.php?rest_route=\/wp\/v2\/posts\/1201","targetHints":{"allow":["GET"]}}],"collection":[{"href":"https:\/\/www.os-sticna.si\/index.php?rest_route=\/wp\/v2\/posts"}],"about":[{"href":"https:\/\/www.os-sticna.si\/index.php?rest_route=\/wp\/v2\/types\/post"}],"author":[{"embeddable":true,"href":"https:\/\/www.os-sticna.si\/index.php?rest_route=\/wp\/v2\/users\/4"}],"replies":[{"embeddable":true,"href":"https:\/\/www.os-sticna.si\/index.php?rest_route=%2Fwp%2Fv2%2Fcomments&post=1201"}],"version-history":[{"count":3,"href":"https:\/\/www.os-sticna.si\/index.php?rest_route=\/wp\/v2\/posts\/1201\/revisions"}],"predecessor-version":[{"id":1203,"href":"https:\/\/www.os-sticna.si\/index.php?rest_route=\/wp\/v2\/posts\/1201\/revisions\/1203"}],"wp:attachment":[{"href":"https:\/\/www.os-sticna.si\/index.php?rest_route=%2Fwp%2Fv2%2Fmedia&parent=1201"}],"wp:term":[{"taxonomy":"category","embeddable":true,"href":"https:\/\/www.os-sticna.si\/index.php?rest_route=%2Fwp%2Fv2%2Fcategories&post=1201"},{"taxonomy":"post_tag","embeddable":true,"href":"https:\/\/www.os-sticna.si\/index.php?rest_route=%2Fwp%2Fv2%2Ftags&post=1201"}],"curies":[{"name":"wp","href":"https:\/\/api.w.org\/{rel}","templated":true}]}}