{"id":1172,"date":"2009-10-05T12:05:00","date_gmt":"2009-10-05T11:05:00","guid":{"rendered":"http:\/\/193.2.241.104\/?p=1172"},"modified":"2009-10-07T08:59:26","modified_gmt":"2009-10-07T07:59:26","slug":"porocilo-o-zbiralni-akciji-papirja","status":"publish","type":"post","link":"https:\/\/www.os-sticna.si\/?p=1172","title":{"rendered":"Poro\u010dilo o zbiralni akciji papirja"},"content":{"rendered":"<div class=\"page-restrict-output\"><p>Na mati\u010dni \u0161oli je zbiralna akcija odpadnega papirja potekla 28. 9. in 29. 9. 2009 . Zbrali smo\u00a0 ve\u010d kot 2038o kg odpadnega papirja.<\/p>\n<p>Z najve\u010djo koli\u010dino zbranega papirja so se odlikovali naslednji u\u010denci:<\/p>\n<table border=\"1\" cellspacing=\"0\" cellpadding=\"0\" width=\"480\">\n<tbody>\n<tr bgcolor=\"#999999\">\n<td width=\"80\" valign=\"top\">\n<p align=\"center\"><strong>Zap. \u0161t<\/strong><\/p>\n<\/td>\n<td width=\"80\" valign=\"bottom\">\n<p align=\"center\"><strong>Ime<\/strong><\/p>\n<\/td>\n<td width=\"100\" valign=\"bottom\">\n<p align=\"center\"><strong>Priimek<\/strong><\/p>\n<\/td>\n<td width=\"80\" valign=\"bottom\">\n<p align=\"center\"><strong>Razred<\/strong><\/p>\n<\/td>\n<td width=\"100\" valign=\"bottom\">\n<p align=\"center\"><strong>kg<\/strong><\/p>\n<\/td>\n<\/tr>\n<tr style=\"text-align: center;\">\n<td width=\"80\">\n<div style=\"text-align: center;\">1.<\/div>\n<\/td>\n<td width=\"80\">\n<p align=\"center\">Polona<\/p>\n<\/td>\n<td width=\"100\">\n<p align=\"center\">Godec<\/p>\n<\/td>\n<td width=\"80\">\n<p align=\"center\">7. b<\/p>\n<\/td>\n<td width=\"100\">\n<p align=\"center\">645<\/p>\n<\/td>\n<\/tr>\n<tr>\n<td width=\"80\">\n<div style=\"text-align: center;\">2.<\/div>\n<\/td>\n<td width=\"100\">\n<p align=\"center\">Ga\u0161per<\/p>\n<\/td>\n<td width=\"100\">\n<p align=\"center\">Kastelic<\/p>\n<\/td>\n<td width=\"80\">\n<p align=\"center\">7. c<\/p>\n<\/td>\n<td width=\"100\">\n<p align=\"center\">420<\/p>\n<\/td>\n<\/tr>\n<tr style=\"text-align: center;\">\n<td width=\"80\">\n<div>3.<\/div>\n<\/td>\n<td width=\"80\">\n<p align=\"center\">Anita<\/p>\n<\/td>\n<td width=\"100\">\n<p align=\"center\">Gr\u010dman<\/p>\n<\/td>\n<td width=\"80\">\n<p align=\"center\">8. c<\/p>\n<\/td>\n<td width=\"100\">\n<p align=\"center\">410<\/p>\n<\/td>\n<\/tr>\n<tr>\n<td width=\"80\">\n<div style=\"text-align: center;\">4.<\/div>\n<\/td>\n<td width=\"80\">\n<p align=\"center\">Matic<\/p>\n<\/td>\n<td width=\"100\">\n<p align=\"center\">Kastelic<\/p>\n<\/td>\n<td width=\"80\">\n<p align=\"center\">6. c<\/p>\n<\/td>\n<td width=\"100\">\n<p align=\"center\">359<\/p>\n<\/td>\n<\/tr>\n<tr>\n<td width=\"80\">\n<div style=\"text-align: center;\">5.<\/div>\n<\/td>\n<td width=\"80\">\n<p align=\"center\">\u017diga<\/p>\n<\/td>\n<td width=\"100\">\n<p align=\"center\">Kuplenk<\/p>\n<\/td>\n<td width=\"80\">\n<p align=\"center\">4. a<\/p>\n<\/td>\n<td width=\"100\">\n<p align=\"center\">284<\/p>\n<\/td>\n<\/tr>\n<tr>\n<td width=\"80\">\n<div style=\"text-align: center;\">6.<\/div>\n<\/td>\n<td width=\"80\">\n<p align=\"center\">Jan<\/p>\n<\/td>\n<td width=\"100\">\n<p align=\"center\">Hrovat<\/p>\n<\/td>\n<td width=\"80\">\n<p align=\"center\">6. a<\/p>\n<\/td>\n<td width=\"100\">\n<p align=\"center\">258<\/p>\n<\/td>\n<\/tr>\n<tr>\n<td width=\"80\">\n<div style=\"text-align: center;\">7.<\/div>\n<\/td>\n<td width=\"100\">\n<p align=\"center\">Ja\u0161a<\/p>\n<\/td>\n<td width=\"100\">\n<p align=\"center\">Novak<\/p>\n<\/td>\n<td width=\"80\">\n<p align=\"center\">3. r<\/p>\n<\/td>\n<td width=\"100\">\n<p align=\"center\">255<\/p>\n<\/td>\n<\/tr>\n<tr>\n<td width=\"80\">\n<div style=\"text-align: center;\">8.<\/div>\n<\/td>\n<td width=\"80\">\n<p align=\"center\">Eva<\/p>\n<\/td>\n<td width=\"100\">\n<p align=\"center\">Balant<\/p>\n<\/td>\n<td width=\"80\">\n<p align=\"center\">6. b<\/p>\n<\/td>\n<td width=\"100\">\n<p align=\"center\">243<\/p>\n<\/td>\n<\/tr>\n<tr>\n<td width=\"80\">\n<div style=\"text-align: center;\">9.<\/div>\n<\/td>\n<td width=\"100\">\n<p align=\"center\">Doroteja<\/p>\n<\/td>\n<td width=\"100\">\n<p align=\"center\">Zavodnik<\/p>\n<\/td>\n<td width=\"80\">\n<p align=\"center\">4. b<\/p>\n<\/td>\n<td width=\"100\">\n<p align=\"center\">240<\/p>\n<\/td>\n<\/tr>\n<tr>\n<td width=\"80\">\n<div style=\"text-align: center;\">10.<\/div>\n<\/td>\n<td width=\"80\">\n<p align=\"center\">Ur\u0161ka<\/p>\n<\/td>\n<td width=\"100\">\n<p align=\"center\">Gla\u010d<\/p>\n<\/td>\n<td width=\"80\">\n<p align=\"center\">7. a<\/p>\n<\/td>\n<td width=\"100\">\n<p align=\"center\">23<\/p>\n<\/td>\n<\/tr>\n<\/tbody>\n<\/table>\n<p style=\"text-align: left;\">Pregled koli\u010dine zbranega papirja po razredih:<\/p>\n<div id=\"attachment_1173\" style=\"width: 310px\" class=\"wp-caption alignnone\"><a rel=\"lightbox\" href=\"http:\/\/193.2.241.104\/wp-content\/uploads\/2009\/10\/papir_09_jesen_ms.jpg\"><img decoding=\"async\" aria-describedby=\"caption-attachment-1173\" class=\"size-medium wp-image-1173  \" style=\"margin-top: 5px; margin-bottom: 5px;\" title=\"papir_09_jesen_ms\" src=\"http:\/\/193.2.241.104\/wp-content\/uploads\/2009\/10\/papir_09_jesen_ms-300x123.jpg\" alt=\"Pregled po razredih, mati\u010dna \u0161ola\" width=\"300\" height=\"123\" srcset=\"https:\/\/www.os-sticna.si\/wp-content\/uploads\/2009\/10\/papir_09_jesen_ms-300x123.jpg 300w, https:\/\/www.os-sticna.si\/wp-content\/uploads\/2009\/10\/papir_09_jesen_ms.jpg 984w\" sizes=\"(max-width: 300px) 100vw, 300px\" \/><\/a><p id=\"caption-attachment-1173\" class=\"wp-caption-text\">Po razredih mati\u010dna \u0161ola<\/p><\/div>\n<p style=\"text-align: left;\">Na podru\u017eni\u010dni \u0161oli v Vi\u0161nji Gori je zbiralna akcija potekala 30.9. in 1. 10. 2009. Zbrano je bilo 7690 kg papirja. V Vi\u0161nji Gori so se najbolj potrudili naslednji u\u010denci:<\/p>\n<table border=\"1\" cellspacing=\"0\" cellpadding=\"0\" width=\"485\">\n<tbody>\n<tr bgcolor=\"#999999\">\n<td width=\"59\" valign=\"bottom\"><\/td>\n<td width=\"188\" valign=\"bottom\">\n<p align=\"center\">U\u010denec<\/p>\n<\/td>\n<td width=\"118\" valign=\"bottom\">\n<p align=\"center\">razred<\/p>\n<\/td>\n<td width=\"110\" valign=\"bottom\">\n<p align=\"center\">m (kg)<\/p>\n<\/td>\n<\/tr>\n<tr>\n<td width=\"59\" valign=\"bottom\">\n<p align=\"center\">1.<\/p>\n<\/td>\n<td width=\"188\" valign=\"bottom\">\n<p align=\"center\">Patrik Radelj<\/p>\n<\/td>\n<td width=\"118\" valign=\"bottom\">\n<p align=\"center\">4.<\/p>\n<\/td>\n<td width=\"110\" valign=\"bottom\">\n<p align=\"center\">1141<\/p>\n<\/td>\n<\/tr>\n<tr>\n<td width=\"59\" valign=\"bottom\">\n<p align=\"center\">2.<\/p>\n<\/td>\n<td width=\"188\" valign=\"bottom\">\n<p align=\"center\">Gal Ku\u0161ar<\/p>\n<\/td>\n<td width=\"118\" valign=\"bottom\">\n<p align=\"center\">3.<\/p>\n<\/td>\n<td width=\"110\" valign=\"bottom\">\n<p align=\"center\">379<\/p>\n<\/td>\n<\/tr>\n<tr>\n<td width=\"59\" valign=\"bottom\">\n<p align=\"center\">3.<\/p>\n<\/td>\n<td width=\"188\" valign=\"bottom\">\n<p align=\"center\">David Jeleninovski<\/p>\n<\/td>\n<td width=\"118\" valign=\"bottom\">\n<p align=\"center\">4.<\/p>\n<\/td>\n<td width=\"110\" valign=\"bottom\">\n<p align=\"center\">360<\/p>\n<\/td>\n<\/tr>\n<tr>\n<td width=\"59\" valign=\"bottom\">\n<p align=\"center\">4.<\/p>\n<\/td>\n<td width=\"188\" valign=\"bottom\">\n<p align=\"center\">Miha Mlakar<\/p>\n<\/td>\n<td width=\"118\" valign=\"bottom\">\n<p align=\"center\">6.<\/p>\n<\/td>\n<td width=\"110\" valign=\"bottom\">\n<p align=\"center\">300<\/p>\n<\/td>\n<\/tr>\n<tr>\n<td width=\"59\" valign=\"bottom\">\n<p align=\"center\">5.<\/p>\n<\/td>\n<td width=\"188\" valign=\"bottom\">\n<p align=\"center\">Tadej Ba\u0161kovc<\/p>\n<\/td>\n<td width=\"118\" valign=\"bottom\">\n<p align=\"center\">3.<\/p>\n<\/td>\n<td width=\"110\" valign=\"bottom\">\n<p align=\"center\">291<\/p>\n<\/td>\n<\/tr>\n<tr>\n<td width=\"59\" valign=\"bottom\">\n<p align=\"center\">6.<\/p>\n<\/td>\n<td style=\"text-align: center;\" width=\"188\" valign=\"bottom\">Benjamin \u0160turbaj<\/td>\n<td style=\"text-align: center;\" width=\"118\" valign=\"bottom\">9.<\/td>\n<td style=\"text-align: center;\" width=\"110\" valign=\"bottom\">195<\/td>\n<\/tr>\n<tr>\n<td width=\"59\" valign=\"bottom\">\n<p align=\"center\">7.<\/p>\n<\/td>\n<td width=\"188\" valign=\"bottom\">\n<p align=\"center\">Luka Habjan<\/p>\n<\/td>\n<td width=\"118\" valign=\"bottom\">\n<p align=\"center\">8.<\/p>\n<\/td>\n<td style=\"text-align: center;\" width=\"110\" valign=\"bottom\">193<\/td>\n<\/tr>\n<tr>\n<td width=\"59\" valign=\"bottom\">\n<p align=\"center\">8.<\/p>\n<\/td>\n<td width=\"188\" valign=\"bottom\">\n<p align=\"center\">Barbara Kocmur<\/p>\n<\/td>\n<td width=\"118\" valign=\"bottom\">\n<p align=\"center\">2.<\/p>\n<\/td>\n<td width=\"110\" valign=\"bottom\">\n<p align=\"center\">187<\/p>\n<\/td>\n<\/tr>\n<tr>\n<td width=\"59\" valign=\"bottom\">\n<p align=\"center\">9.<\/p>\n<\/td>\n<td width=\"188\" valign=\"bottom\">\n<p align=\"center\">Gal Kova\u010di\u010d<\/p>\n<\/td>\n<td width=\"118\" valign=\"bottom\">\n<p align=\"center\">7.<\/p>\n<\/td>\n<td width=\"110\" valign=\"bottom\">\n<p align=\"center\">178<\/p>\n<\/td>\n<\/tr>\n<tr>\n<td width=\"59\" valign=\"bottom\">\n<p align=\"center\">10.<\/p>\n<\/td>\n<td width=\"188\" valign=\"bottom\">\n<p align=\"center\">Patricija Turk<\/p>\n<\/td>\n<td width=\"118\" valign=\"bottom\">\n<p align=\"center\">7.<\/p>\n<\/td>\n<td width=\"110\" valign=\"bottom\">\n<p align=\"center\">130<\/p>\n<\/td>\n<\/tr>\n<\/tbody>\n<\/table>\n<p>Pregled koli\u010dine zbranega papirja po razredih:<\/p>\n<div id=\"attachment_1174\" style=\"width: 310px\" class=\"wp-caption alignnone\"><a rel=\"lightbox\" href=\"http:\/\/193.2.241.104\/wp-content\/uploads\/2009\/10\/papir_09_jesen_vg.jpg\"><img fetchpriority=\"high\" decoding=\"async\" aria-describedby=\"caption-attachment-1174\" class=\"size-medium wp-image-1174 \" style=\"margin-bottom: 5px;\" title=\"papir_09_jesen_vg\" src=\"http:\/\/193.2.241.104\/wp-content\/uploads\/2009\/10\/papir_09_jesen_vg-300x220.jpg\" alt=\"Pregled po razredih, Vi\u0161nja Gora\" width=\"300\" height=\"220\" srcset=\"https:\/\/www.os-sticna.si\/wp-content\/uploads\/2009\/10\/papir_09_jesen_vg-300x220.jpg 300w, https:\/\/www.os-sticna.si\/wp-content\/uploads\/2009\/10\/papir_09_jesen_vg.jpg 649w\" sizes=\"(max-width: 300px) 100vw, 300px\" \/><\/a><p id=\"caption-attachment-1174\" class=\"wp-caption-text\">Pregled po razredih, Vi\u0161nja Gora<\/p><\/div>\n<\/div>","protected":false},"excerpt":{"rendered":"<div class=\"page-restrict-output\"><p>Na mati\u010dni \u0161oli je zbiralna akcija odpadnega papirja potekla 28. 9. in 29. 9. 2009 . Zbrali smo\u00a0 ve\u010d kot 2038o kg odpadnega papirja. Z najve\u010djo koli\u010dino zbranega papirja so se odlikovali naslednji u\u010denci: Zap. \u0161t Ime Priimek Razred kg 1. Polona Godec 7. b 645 2. Ga\u0161per Kastelic 7. c 420 3. Anita Gr\u010dman 8. c 410 4. Matic [&#8230;]<\/p>\n<\/div>","protected":false},"author":4,"featured_media":0,"comment_status":"closed","ping_status":"closed","sticky":false,"template":"","format":"standard","meta":{"ngg_post_thumbnail":0,"_themeisle_gutenberg_block_has_review":false,"footnotes":""},"categories":[1,6,5],"tags":[],"class_list":["post-1172","post","type-post","status-publish","format-standard","hentry","category-objave","category-predmetna-stopnja","category-razredna-stopnja"],"featured_image_src":null,"featured_image_src_square":null,"author_info":{"display_name":"Gregor","author_link":"https:\/\/www.os-sticna.si\/?author=4"},"_links":{"self":[{"href":"https:\/\/www.os-sticna.si\/index.php?rest_route=\/wp\/v2\/posts\/1172","targetHints":{"allow":["GET"]}}],"collection":[{"href":"https:\/\/www.os-sticna.si\/index.php?rest_route=\/wp\/v2\/posts"}],"about":[{"href":"https:\/\/www.os-sticna.si\/index.php?rest_route=\/wp\/v2\/types\/post"}],"author":[{"embeddable":true,"href":"https:\/\/www.os-sticna.si\/index.php?rest_route=\/wp\/v2\/users\/4"}],"replies":[{"embeddable":true,"href":"https:\/\/www.os-sticna.si\/index.php?rest_route=%2Fwp%2Fv2%2Fcomments&post=1172"}],"version-history":[{"count":7,"href":"https:\/\/www.os-sticna.si\/index.php?rest_route=\/wp\/v2\/posts\/1172\/revisions"}],"predecessor-version":[{"id":1176,"href":"https:\/\/www.os-sticna.si\/index.php?rest_route=\/wp\/v2\/posts\/1172\/revisions\/1176"}],"wp:attachment":[{"href":"https:\/\/www.os-sticna.si\/index.php?rest_route=%2Fwp%2Fv2%2Fmedia&parent=1172"}],"wp:term":[{"taxonomy":"category","embeddable":true,"href":"https:\/\/www.os-sticna.si\/index.php?rest_route=%2Fwp%2Fv2%2Fcategories&post=1172"},{"taxonomy":"post_tag","embeddable":true,"href":"https:\/\/www.os-sticna.si\/index.php?rest_route=%2Fwp%2Fv2%2Ftags&post=1172"}],"curies":[{"name":"wp","href":"https:\/\/api.w.org\/{rel}","templated":true}]}}