{"id":1160,"date":"2009-10-05T09:29:17","date_gmt":"2009-10-05T08:29:17","guid":{"rendered":"http:\/\/193.2.241.104\/?p=1160"},"modified":"2009-10-05T09:32:29","modified_gmt":"2009-10-05T08:32:29","slug":"jesenski-kros-na-muljavi","status":"publish","type":"post","link":"https:\/\/www.os-sticna.si\/?p=1160","title":{"rendered":"Jesenski kros na Muljavi"},"content":{"rendered":"<div class=\"page-restrict-output\"><p>Na P\u0160 Muljava smo izvedli jesenski kros. V naslednjem krogu bodo na\u0161o<\/p>\n<p>\u0161olo zastopali naslednji u\u010denci:<\/p>\n<p>5. razred: Klara Lampret in Andra\u017e Dremelj<\/p>\n<p>4. razred: Rok Sinjur<\/p>\n<p>3. razred: Maja Godec<\/p>\n<p>2. razred: Tja\u0161a Miklav\u010di\u010d<\/p>\n<p>1. razred: Nik Pe\u010djak<\/p>ngg_shortcode_0_placeholder<p style=\"text-align: right;\">\n<p style=\"text-align: right;\">Barbara Maver<\/p>\n<\/div>","protected":false},"excerpt":{"rendered":"<div class=\"page-restrict-output\"><p>Na P\u0160 Muljava smo izvedli jesenski kros. V naslednjem krogu bodo na\u0161o \u0161olo zastopali naslednji u\u010denci: 5. razred: Klara Lampret in Andra\u017e Dremelj 4. razred: Rok Sinjur 3. razred: Maja Godec 2. razred: Tja\u0161a Miklav\u010di\u010d 1. razred: Nik Pe\u010djak Barbara Maver<\/p>\n<\/div>","protected":false},"author":4,"featured_media":0,"comment_status":"closed","ping_status":"closed","sticky":false,"template":"","format":"standard","meta":{"ngg_post_thumbnail":0,"_themeisle_gutenberg_block_has_review":false,"footnotes":""},"categories":[1,5],"tags":[32],"class_list":["post-1160","post","type-post","status-publish","format-standard","hentry","category-objave","category-razredna-stopnja","tag-muljava"],"featured_image_src":null,"featured_image_src_square":null,"author_info":{"display_name":"Gregor","author_link":"https:\/\/www.os-sticna.si\/?author=4"},"_links":{"self":[{"href":"https:\/\/www.os-sticna.si\/index.php?rest_route=\/wp\/v2\/posts\/1160","targetHints":{"allow":["GET"]}}],"collection":[{"href":"https:\/\/www.os-sticna.si\/index.php?rest_route=\/wp\/v2\/posts"}],"about":[{"href":"https:\/\/www.os-sticna.si\/index.php?rest_route=\/wp\/v2\/types\/post"}],"author":[{"embeddable":true,"href":"https:\/\/www.os-sticna.si\/index.php?rest_route=\/wp\/v2\/users\/4"}],"replies":[{"embeddable":true,"href":"https:\/\/www.os-sticna.si\/index.php?rest_route=%2Fwp%2Fv2%2Fcomments&post=1160"}],"version-history":[{"count":2,"href":"https:\/\/www.os-sticna.si\/index.php?rest_route=\/wp\/v2\/posts\/1160\/revisions"}],"predecessor-version":[{"id":1162,"href":"https:\/\/www.os-sticna.si\/index.php?rest_route=\/wp\/v2\/posts\/1160\/revisions\/1162"}],"wp:attachment":[{"href":"https:\/\/www.os-sticna.si\/index.php?rest_route=%2Fwp%2Fv2%2Fmedia&parent=1160"}],"wp:term":[{"taxonomy":"category","embeddable":true,"href":"https:\/\/www.os-sticna.si\/index.php?rest_route=%2Fwp%2Fv2%2Fcategories&post=1160"},{"taxonomy":"post_tag","embeddable":true,"href":"https:\/\/www.os-sticna.si\/index.php?rest_route=%2Fwp%2Fv2%2Ftags&post=1160"}],"curies":[{"name":"wp","href":"https:\/\/api.w.org\/{rel}","templated":true}]}}