{"id":1134,"date":"2009-09-24T10:52:53","date_gmt":"2009-09-24T09:52:53","guid":{"rendered":"http:\/\/193.2.241.104\/?p=1134"},"modified":"2009-09-24T11:06:23","modified_gmt":"2009-09-24T10:06:23","slug":"sportni-dan-jesenski-kros","status":"publish","type":"post","link":"https:\/\/www.os-sticna.si\/?p=1134","title":{"rendered":"\u0160portni dan &#8211; Jesenski kros"},"content":{"rendered":"<div class=\"page-restrict-output\"><p>Pa smo ga do\u010dakali \u2013 1. JESENSKI KROS.<\/p>\n<p>Na prelepo septebrsko son\u010dno sredo smo se u\u010denci in u\u010denke prvih, drugih in tretjih razredov mati\u010dne \u0161ole, O\u0161pp-ja in podru\u017eni\u010dne \u0161ole Sti\u010dna zbrali v Sti\u010dni na lepo urejenem stadionu pri gasilskem domu. Pod okriljem toplih son\u010dnih \u017earkov smo se najprej ogreli, si ogledali progo, potem pa nestrpno \u010dakali na trenutek, ko nas je u\u010ditelj \u0161portne vzgoje Bo\u0161tjan Brade\u0161ko povabil na start. Prvi smo tekli u\u010denci in u\u010denke 3. razredov, nato 2., nazadnje pa smo svoje mo\u010di pomerili tudi najmlaj\u0161i \u2013 prvo\u0161olci.<\/p>\n<p>Tekmovanje je bilo napeto, polno pri\u010dakovanj.<\/p>\n<p>Prvo\u0161olci smo kot gobe vsrkavali napete trenutke starta starej\u0161ih u\u010dencev in u\u010denk, saj je bilo za nas to prvo pravo medrazredno tekmovanje v leto\u0161njem \u0161olskem letu. Pa vendar smo to vznemirljivo preizku\u0161njo prestali nadvse uspe\u0161no. Navijali smo za vse tekmovalce in tekmovalke, ki so v \u0161portnem duhu pokazali svojo vztrajnost in mo\u010d.<\/p>\n<p>Po napornem teku smo se podkrepili z malico in se v spro\u0161\u010denem vzdu\u0161ju zabavali ob razli\u010dnih \u0161portnih igrah, ki so jih za nas pripravili u\u010ditelj, u\u010diteljice in vzgojiteljice.<\/p>\n<p>Da pa bi jesenski kros za nas dobil piko na i, smo najbolj\u0161im teka\u010dem in teka\u010dicam podelili priznanja.<\/p>\n<p>Polni lepih vtisov smo sklenili, da se naslednje leto spet vidimo, sklenemo nova prijateljstva in do\u017eivimo \u0161e en \u010dudovit dan.<\/p>\n<p style=\"text-align: right;\">Zapisala: Aleksandra \u0160parl<\/p>\n<p style=\"text-align: right;\">[book id=&#8217;4 &#8216;\/]\n<\/div>","protected":false},"excerpt":{"rendered":"<div class=\"page-restrict-output\"><p>Pa smo ga do\u010dakali \u2013 1. JESENSKI KROS. Na prelepo septebrsko son\u010dno sredo smo se u\u010denci in u\u010denke prvih, drugih in tretjih razredov mati\u010dne \u0161ole, O\u0161pp-ja in podru\u017eni\u010dne \u0161ole Sti\u010dna zbrali v Sti\u010dni na lepo urejenem stadionu pri gasilskem domu. Pod okriljem toplih son\u010dnih \u017earkov smo se najprej ogreli, si ogledali progo, potem pa nestrpno \u010dakali na trenutek, ko nas [&#8230;]<\/p>\n<\/div>","protected":false},"author":4,"featured_media":0,"comment_status":"closed","ping_status":"closed","sticky":false,"template":"","format":"standard","meta":{"ngg_post_thumbnail":0,"_themeisle_gutenberg_block_has_review":false,"footnotes":""},"categories":[1,5],"tags":[],"class_list":["post-1134","post","type-post","status-publish","format-standard","hentry","category-objave","category-razredna-stopnja"],"featured_image_src":null,"featured_image_src_square":null,"author_info":{"display_name":"Gregor","author_link":"https:\/\/www.os-sticna.si\/?author=4"},"_links":{"self":[{"href":"https:\/\/www.os-sticna.si\/index.php?rest_route=\/wp\/v2\/posts\/1134","targetHints":{"allow":["GET"]}}],"collection":[{"href":"https:\/\/www.os-sticna.si\/index.php?rest_route=\/wp\/v2\/posts"}],"about":[{"href":"https:\/\/www.os-sticna.si\/index.php?rest_route=\/wp\/v2\/types\/post"}],"author":[{"embeddable":true,"href":"https:\/\/www.os-sticna.si\/index.php?rest_route=\/wp\/v2\/users\/4"}],"replies":[{"embeddable":true,"href":"https:\/\/www.os-sticna.si\/index.php?rest_route=%2Fwp%2Fv2%2Fcomments&post=1134"}],"version-history":[{"count":3,"href":"https:\/\/www.os-sticna.si\/index.php?rest_route=\/wp\/v2\/posts\/1134\/revisions"}],"predecessor-version":[{"id":1136,"href":"https:\/\/www.os-sticna.si\/index.php?rest_route=\/wp\/v2\/posts\/1134\/revisions\/1136"}],"wp:attachment":[{"href":"https:\/\/www.os-sticna.si\/index.php?rest_route=%2Fwp%2Fv2%2Fmedia&parent=1134"}],"wp:term":[{"taxonomy":"category","embeddable":true,"href":"https:\/\/www.os-sticna.si\/index.php?rest_route=%2Fwp%2Fv2%2Fcategories&post=1134"},{"taxonomy":"post_tag","embeddable":true,"href":"https:\/\/www.os-sticna.si\/index.php?rest_route=%2Fwp%2Fv2%2Ftags&post=1134"}],"curies":[{"name":"wp","href":"https:\/\/api.w.org\/{rel}","templated":true}]}}